{"id":10709,"date":"2017-10-27T17:26:23","date_gmt":"2017-10-27T17:26:23","guid":{"rendered":"http:\/\/www.ayuntamientodeharia.com\/haria\/?p=10709"},"modified":"2017-10-27T17:26:23","modified_gmt":"2017-10-27T17:26:23","slug":"taller-gratuito-sobre-el-suelo-pelvico-para-las-mujeres-del-municipio","status":"publish","type":"post","link":"https:\/\/www.ayuntamientodeharia.com\/haria\/taller-gratuito-sobre-el-suelo-pelvico-para-las-mujeres-del-municipio\/","title":{"rendered":"Taller gratuito sobre el suelo p\u00e9lvico para las mujeres del municipio"},"content":{"rendered":"<p>La Concejal\u00eda de Igualdad, coordinada por Auxiliadora Fern\u00e1ndez, organiza un taller del suelo p\u00e9lvico, dirigido a las mujeres del municipio.<\/p>\n<p><!--more--><\/p>\n<p>&nbsp;<\/p>\n<p>Mediante la impartici\u00f3n de este taller, que tiene car\u00e1cter gratuito, se pretende dotar a la mujer de los conocimientos y herramientas necesarias para afrontar con normalidad la vida adulta, la menopausia y el envejecimiento natural, as\u00ed como favorecer la prevenci\u00f3n y el tratamiento de las disfunciones del suelo p\u00e9lvico. Por otro lado se promocionar\u00e1n los h\u00e1bitos de vida saludable, el ejercicio f\u00edsico, orientado a la protecci\u00f3n del suelo p\u00e9lvico, as\u00ed como el autocuidado, la mejora de la autoestima y del estado psicol\u00f3gico y emocional de la mujer.<\/p>\n<p>&nbsp;<\/p>\n<p>Est\u00e1 previsto que el taller comience a impartirse durante el mes de noviembre, por lo que las mujeres interesadas deber\u00e1n realizar la inscripci\u00f3n llamando al 639 546 817. Una vez conformado el grupo se concretar\u00e1 entre las asistentes el d\u00eda y la hora para la impartici\u00f3n del mismo.<\/p>\n","protected":false},"excerpt":{"rendered":"<p>La Concejal\u00eda de Igualdad, coordinada por Auxiliadora Fern\u00e1ndez, organiza un taller del suelo p\u00e9lvico, dirigido a las mujeres del municipio.<\/p>\n","protected":false},"author":7,"featured_media":10710,"comment_status":"closed","ping_status":"closed","sticky":false,"template":"","format":"standard","meta":{"footnotes":""},"categories":[11,30],"tags":[],"class_list":["post-10709","post","type-post","status-publish","format-standard","has-post-thumbnail","hentry","category-hoja-de-haria","category-igualdad"],"_links":{"self":[{"href":"https:\/\/www.ayuntamientodeharia.com\/haria\/wp-json\/wp\/v2\/posts\/10709","targetHints":{"allow":["GET"]}}],"collection":[{"href":"https:\/\/www.ayuntamientodeharia.com\/haria\/wp-json\/wp\/v2\/posts"}],"about":[{"href":"https:\/\/www.ayuntamientodeharia.com\/haria\/wp-json\/wp\/v2\/types\/post"}],"author":[{"embeddable":true,"href":"https:\/\/www.ayuntamientodeharia.com\/haria\/wp-json\/wp\/v2\/users\/7"}],"replies":[{"embeddable":true,"href":"https:\/\/www.ayuntamientodeharia.com\/haria\/wp-json\/wp\/v2\/comments?post=10709"}],"version-history":[{"count":1,"href":"https:\/\/www.ayuntamientodeharia.com\/haria\/wp-json\/wp\/v2\/posts\/10709\/revisions"}],"predecessor-version":[{"id":10711,"href":"https:\/\/www.ayuntamientodeharia.com\/haria\/wp-json\/wp\/v2\/posts\/10709\/revisions\/10711"}],"wp:featuredmedia":[{"embeddable":true,"href":"https:\/\/www.ayuntamientodeharia.com\/haria\/wp-json\/wp\/v2\/media\/10710"}],"wp:attachment":[{"href":"https:\/\/www.ayuntamientodeharia.com\/haria\/wp-json\/wp\/v2\/media?parent=10709"}],"wp:term":[{"taxonomy":"category","embeddable":true,"href":"https:\/\/www.ayuntamientodeharia.com\/haria\/wp-json\/wp\/v2\/categories?post=10709"},{"taxonomy":"post_tag","embeddable":true,"href":"https:\/\/www.ayuntamientodeharia.com\/haria\/wp-json\/wp\/v2\/tags?post=10709"}],"curies":[{"name":"wp","href":"https:\/\/api.w.org\/{rel}","templated":true}]}}