{"id":10703,"date":"2017-10-27T17:20:42","date_gmt":"2017-10-27T17:20:42","guid":{"rendered":"http:\/\/www.ayuntamientodeharia.com\/haria\/?p=10703"},"modified":"2017-10-27T17:21:26","modified_gmt":"2017-10-27T17:21:26","slug":"nuevos-reconocimientos-para-bodega-malpais-de-maguez","status":"publish","type":"post","link":"https:\/\/www.ayuntamientodeharia.com\/haria\/nuevos-reconocimientos-para-bodega-malpais-de-maguez\/","title":{"rendered":"Nuevos reconocimientos para Bodega Malpa\u00eds de M\u00e1guez"},"content":{"rendered":"<p><a href=\"http:\/\/www.ayuntamientodeharia.com\/haria\/wp-content\/uploads\/2017\/10\/Vendimia-Bodega-La-Grieta-Agosto-2017.jpg\"><img decoding=\"async\" class=\"alignleft size-thumbnail wp-image-10704\" src=\"http:\/\/www.ayuntamientodeharia.com\/haria\/wp-content\/uploads\/2017\/10\/Vendimia-Bodega-La-Grieta-Agosto-2017-150x150.jpg\" alt=\"Vendimia Bodega La Grieta Agosto 2017\" width=\"150\" height=\"150\" \/><\/a><\/p>\n<ul>\n<li><strong>Foto: Isma Ortiz<\/strong><\/li>\n<\/ul>\n<p>Los vinos Cenizas del Volc\u00e1n y La Grieta Malvas\u00eda Volc\u00e1nica fueron premiados con la Medalla de Oro, en categor\u00eda vinos blancos j\u00f3venes, mientras que La Grieta Tinto Vendimia Nocturna A\u00f1ada 2016 se alz\u00f3 con la Medalla de Plata de su categor\u00eda en\u00a0 la primera edici\u00f3n del \u2018Concurso Vino Supremum\u2019 celebrado el pasado 19 de octubre en Madrid.<\/p>\n<p><!--more--><\/p>\n<p>&nbsp;<\/p>\n<p>Una vez m\u00e1s, la Bodega Malpa\u00eds de M\u00e1guez ha sido reconocida a nivel nacional por la excelencia y la calidad de sus caldos. Es por ello que el alcalde de Har\u00eda, Marci Acu\u00f1a, quiere felicitar a Ricardo Socas por el nuevo reconocimiento obtenido, as\u00ed como por el excelente trabajo que viene realizando.<\/p>\n","protected":false},"excerpt":{"rendered":"<p>Foto: Isma Ortiz Los vinos Cenizas del Volc\u00e1n y La Grieta Malvas\u00eda Volc\u00e1nica fueron premiados con la Medalla de Oro, en categor\u00eda vinos blancos j\u00f3venes, mientras que La Grieta Tinto Vendimia Nocturna A\u00f1ada 2016 se alz\u00f3 con la Medalla de Plata de su categor\u00eda en\u00a0 la primera edici\u00f3n del \u2018Concurso Vino Supremum\u2019 celebrado el pasado [&hellip;]<\/p>\n","protected":false},"author":7,"featured_media":0,"comment_status":"closed","ping_status":"closed","sticky":false,"template":"","format":"standard","meta":{"footnotes":""},"categories":[20,11],"tags":[],"class_list":["post-10703","post","type-post","status-publish","format-standard","hentry","category-agricultura","category-hoja-de-haria"],"_links":{"self":[{"href":"https:\/\/www.ayuntamientodeharia.com\/haria\/wp-json\/wp\/v2\/posts\/10703","targetHints":{"allow":["GET"]}}],"collection":[{"href":"https:\/\/www.ayuntamientodeharia.com\/haria\/wp-json\/wp\/v2\/posts"}],"about":[{"href":"https:\/\/www.ayuntamientodeharia.com\/haria\/wp-json\/wp\/v2\/types\/post"}],"author":[{"embeddable":true,"href":"https:\/\/www.ayuntamientodeharia.com\/haria\/wp-json\/wp\/v2\/users\/7"}],"replies":[{"embeddable":true,"href":"https:\/\/www.ayuntamientodeharia.com\/haria\/wp-json\/wp\/v2\/comments?post=10703"}],"version-history":[{"count":1,"href":"https:\/\/www.ayuntamientodeharia.com\/haria\/wp-json\/wp\/v2\/posts\/10703\/revisions"}],"predecessor-version":[{"id":10705,"href":"https:\/\/www.ayuntamientodeharia.com\/haria\/wp-json\/wp\/v2\/posts\/10703\/revisions\/10705"}],"wp:attachment":[{"href":"https:\/\/www.ayuntamientodeharia.com\/haria\/wp-json\/wp\/v2\/media?parent=10703"}],"wp:term":[{"taxonomy":"category","embeddable":true,"href":"https:\/\/www.ayuntamientodeharia.com\/haria\/wp-json\/wp\/v2\/categories?post=10703"},{"taxonomy":"post_tag","embeddable":true,"href":"https:\/\/www.ayuntamientodeharia.com\/haria\/wp-json\/wp\/v2\/tags?post=10703"}],"curies":[{"name":"wp","href":"https:\/\/api.w.org\/{rel}","templated":true}]}}