{"id":10697,"date":"2017-10-27T17:13:18","date_gmt":"2017-10-27T17:13:18","guid":{"rendered":"http:\/\/www.ayuntamientodeharia.com\/haria\/?p=10697"},"modified":"2017-10-27T17:13:18","modified_gmt":"2017-10-27T17:13:18","slug":"desde-mi-atalaya-jesus-perdomo-ramirez-8","status":"publish","type":"post","link":"https:\/\/www.ayuntamientodeharia.com\/haria\/desde-mi-atalaya-jesus-perdomo-ramirez-8\/","title":{"rendered":"Desde mi Atalaya.  Jes\u00fas Perdomo Ram\u00edrez"},"content":{"rendered":"<p><strong><a href=\"http:\/\/www.ayuntamientodeharia.com\/haria\/wp-content\/uploads\/2017\/08\/jesus-perdomo.jpg\"><img decoding=\"async\" class=\"alignleft size-thumbnail wp-image-10322\" src=\"http:\/\/www.ayuntamientodeharia.com\/haria\/wp-content\/uploads\/2017\/08\/jesus-perdomo-125x150.jpg\" alt=\"jesus perdomo\" width=\"125\" height=\"150\" \/><\/a>Benito M\u00e9ndez Tarajano: Ilustre Maestro de la Ense\u00f1anza<\/strong><\/p>\n<p><!--more--><\/p>\n<p><strong>\u00a0<\/strong><\/p>\n<p>Don Benito M\u00e9ndez Tarajano naci\u00f3 en Har\u00eda el d\u00eda 15 de septiembre de 1898 en el seno de una familia muy humilde. Era hijo del jornalero Jacinto M\u00e9ndez Barrios y de la costurera B\u00e1rbara Tarajano Cruz. Se uni\u00f3 en matrimonio, en Arrecife en 1929, con Do\u00f1a Eulogia Garrido Miranda. Muere en Las Palmas de Gran Canaria el d\u00eda 27 de abril de 1965 a los 66 a\u00f1os de edad, dejando descendencia: Emilio y Juan M\u00e9ndez Garrido.<\/p>\n<p>&nbsp;<\/p>\n<p>Su educaci\u00f3n y conocimientos los adquiri\u00f3 en la escuela p\u00fablica de Har\u00eda. Cursa estudios de bachillerato en la ciudad de Arrecife y fue considerado un buen estudiante, destacando en caligraf\u00eda a la vez que dominaba con gran facilidad el arte del dibujo; tal era la acreditaci\u00f3n que pod\u00eda confundirse con el original. A\u00f1os m\u00e1s tarde estudia en la Escuela de Magisterio obteniendo excelentes notas.<\/p>\n<p>&nbsp;<\/p>\n<p>En octubre de 1920 fue nombrado como auxiliar para dirigir la escuela nacional de ni\u00f1os de Arrecife. En esta d\u00e9cada fue directivo de la Sociedad Democracia de Arrecife de Lanzarote; Don Benito M\u00e9ndez abre una escuela para adultos apoy\u00e1ndose en la creada por el P\u00f3sito de Pescadores de Arrecife.<\/p>\n<p>&nbsp;<\/p>\n<p>A Don Benito M\u00e9ndez se le abri\u00f3 expediente de depuraci\u00f3n en plena Guerra Civil Espa\u00f1ola, en 1939. Vistos los informes de la Direcci\u00f3n General de Ense\u00f1anza Primaria, por la Comisi\u00f3n de Santa Cruz de Tenerife, se le confirma en sus cargos como maestro de Primera Ense\u00f1anza.<\/p>\n<p>&nbsp;<\/p>\n<p>Fue uno de los primeros docentes en la Escuela Nacional de ni\u00f1os de Arrecife, en 1920. Su labor como pedagogo y profesional se hizo notar en la doctrina escolar. Ejerci\u00f3 durante el inicio de la \u00e9poca dorada del desarrollo de la ense\u00f1anza en la isla de Lanzarote. Luego traslada su residencia a Santa Cruz de Tenerife. A\u00f1os m\u00e1s tarde ejerce en Las Palmas de Gran Canaria, donde contin\u00faa su actividad docente.<\/p>\n<p>&nbsp;<\/p>\n<p>En noviembre de 1959 particip\u00f3 y gan\u00f3 un segundo y tercer premio nacional de cuadernos de rotaci\u00f3n y murales. Dicho premio fue valorado en 1.500 pesetas de las antiguas monedas.<\/p>\n<p>&nbsp;<\/p>\n<p>Con la creaci\u00f3n del grupo escolar para la barriada de Santa Coloma, hoy Titerroy, la ciudad de Arrecife de Lanzarote le rinde un homenaje a su labor como docente y su nombre figura en el r\u00f3tulo de dicho colegio.<\/p>\n<p>&nbsp;<\/p>\n<p>Particip\u00f3 como miembro del jurado, en varias ocasiones, de las oposiciones de Magisterio, llegando incluso a presidir el tribunal.<\/p>\n<p>&nbsp;<\/p>\n<p>Con motivo de la festividad de San Jos\u00e9 de Calasanz, en las Escuelas de Magisterio de Las Palmas de Gran Canaria, el d\u00eda 27 de noviembre de 1961 fue condecorado por su trayectoria profesional con la medalla de la Orden de Alfonso X el Sabio.<\/p>\n<p>&nbsp;<\/p>\n<p>Durante el curso escolar 1964\/65, en presencia de la inspectora jefe de Ense\u00f1anza Media, do\u00f1a Mar\u00eda S\u00e1enz Tejera de Asensi, fue distinguido y premiado, con diez mil pesetas, por sus relevantes m\u00e9ritos profesionales.<\/p>\n<p>&nbsp;<\/p>\n<p>En la semana Cultural Canaria, celebrada durante el curso 1999\/2000 en el colegio que lleva su nombre, fue homenajeada y recordada la figura de don Benito M\u00e9ndez Tarajano como insigne e ilustre profesor de la escuela de Lanzarote de principios del siglo XX.<\/p>\n","protected":false},"excerpt":{"rendered":"<p>Benito M\u00e9ndez Tarajano: Ilustre Maestro de la Ense\u00f1anza<\/p>\n","protected":false},"author":7,"featured_media":0,"comment_status":"closed","ping_status":"closed","sticky":false,"template":"","format":"standard","meta":{"footnotes":""},"categories":[11],"tags":[],"class_list":["post-10697","post","type-post","status-publish","format-standard","hentry","category-hoja-de-haria"],"_links":{"self":[{"href":"https:\/\/www.ayuntamientodeharia.com\/haria\/wp-json\/wp\/v2\/posts\/10697","targetHints":{"allow":["GET"]}}],"collection":[{"href":"https:\/\/www.ayuntamientodeharia.com\/haria\/wp-json\/wp\/v2\/posts"}],"about":[{"href":"https:\/\/www.ayuntamientodeharia.com\/haria\/wp-json\/wp\/v2\/types\/post"}],"author":[{"embeddable":true,"href":"https:\/\/www.ayuntamientodeharia.com\/haria\/wp-json\/wp\/v2\/users\/7"}],"replies":[{"embeddable":true,"href":"https:\/\/www.ayuntamientodeharia.com\/haria\/wp-json\/wp\/v2\/comments?post=10697"}],"version-history":[{"count":1,"href":"https:\/\/www.ayuntamientodeharia.com\/haria\/wp-json\/wp\/v2\/posts\/10697\/revisions"}],"predecessor-version":[{"id":10698,"href":"https:\/\/www.ayuntamientodeharia.com\/haria\/wp-json\/wp\/v2\/posts\/10697\/revisions\/10698"}],"wp:attachment":[{"href":"https:\/\/www.ayuntamientodeharia.com\/haria\/wp-json\/wp\/v2\/media?parent=10697"}],"wp:term":[{"taxonomy":"category","embeddable":true,"href":"https:\/\/www.ayuntamientodeharia.com\/haria\/wp-json\/wp\/v2\/categories?post=10697"},{"taxonomy":"post_tag","embeddable":true,"href":"https:\/\/www.ayuntamientodeharia.com\/haria\/wp-json\/wp\/v2\/tags?post=10697"}],"curies":[{"name":"wp","href":"https:\/\/api.w.org\/{rel}","templated":true}]}}