{"id":10675,"date":"2017-10-20T17:50:01","date_gmt":"2017-10-20T17:50:01","guid":{"rendered":"http:\/\/www.ayuntamientodeharia.com\/haria\/?p=10675"},"modified":"2017-10-27T06:48:29","modified_gmt":"2017-10-27T06:48:29","slug":"espero-que-el-centro-de-interpretacion-de-la-cochinilla-conlleve-una-esperanza-para-la-gente-y-veamos-de-nuevo-la-belleza-de-los-campos-de-mala-y-guatiza","status":"publish","type":"post","link":"https:\/\/www.ayuntamientodeharia.com\/haria\/espero-que-el-centro-de-interpretacion-de-la-cochinilla-conlleve-una-esperanza-para-la-gente-y-veamos-de-nuevo-la-belleza-de-los-campos-de-mala-y-guatiza\/","title":{"rendered":"\u201cEspero que el centro de interpretaci\u00f3n de la cochinilla conlleve una esperanza para la gente y veamos de nuevo la belleza de los campos de Mala y Guatiza\u201d"},"content":{"rendered":"<p>Entrevista Chana Perera (Asociaci\u00f3n Milana)<\/p>\n<p><!--more--><\/p>\n<p>&nbsp;<\/p>\n<p><strong>Empezando por lo m\u00e1s reciente, \u00bfqu\u00e9 supone para su asociaci\u00f3n recibir el premio &#8216;Referente de la Biosfera&#8217; que otorga el Cabildo de Lanzarote?<\/strong><\/p>\n<p>&nbsp;<\/p>\n<p>Haber recibido el premio ha sido un aliciente para todos los miembros de la Asociaci\u00f3n Milana. Ha sido un equipo de varias personas que, de forma altruista, ha dado su trabajo en beneficio de la sociedad.<\/p>\n<p>&nbsp;<\/p>\n<p>Tengo que ser coherente y sincera conmigo misma y decir que los equipos son los que funcionan porque mantenerse durante doc<a href=\"http:\/\/www.ayuntamientodeharia.com\/haria\/wp-content\/uploads\/2017\/10\/Asociaci\u00f3n-Milana.jpg\"><img decoding=\"async\" class=\"alignleft size-thumbnail wp-image-10677\" src=\"http:\/\/www.ayuntamientodeharia.com\/haria\/wp-content\/uploads\/2017\/10\/Asociaci\u00f3n-Milana-150x150.jpg\" alt=\"Asociaci\u00f3n Milana\" width=\"150\" height=\"150\" \/><\/a>e a\u00f1os sin compensaci\u00f3n econ\u00f3mica es muy dif\u00edcil.<\/p>\n<p>&nbsp;<\/p>\n<p><strong>\u00bfC\u00f3mo y por qu\u00e9 surge la asociaci\u00f3n Milana en la Isla?<\/strong><\/p>\n<p><strong>\u00a0<\/strong><\/p>\n<p>Este proyecto naci\u00f3 en el Colegio Las Mercedes, de Mala, como parte del aprendizaje aplicando las ocho competencias b\u00e1sicas de la educaci\u00f3n. Agradecer al coordinador del Proyecto Atl\u00e1ntica, Florencio Luengo, y al inspector de Educaci\u00f3n de entonces, Rafael Curbelo, por permitir desarrollar el proyecto. Y a los ni\u00f1os, ni\u00f1as, padres, madres y agricultores.<\/p>\n<p>&nbsp;<\/p>\n<p>En principio \u00e9ramos cuatro personas: Alejandro Perdomo, mi compa\u00f1ero de trabajo, Mart\u00edn Orestes Robayna, experto en inform\u00e1tica que iba grabando todo lo que ocurr\u00eda dentro y fuera del aula, y m\u00e1s tarde se incorpor\u00f3 el bi\u00f3logo Juan Cazorla.<\/p>\n<p>&nbsp;<\/p>\n<p>Este proyecto consist\u00eda en que la escuela saliera a la vida y que la vida entrara a la escuela. Los padres y madres, junto a los ni\u00f1os, elaboraron las herramientas y los ni\u00f1os iban con los agricultores a las fincas a coger cochinilla, despencar, tirar higos, etc. Asimismo, en el patio del colegio se hizo una peque\u00f1a finca, ayudados por los operarios del Ayuntamiento y los agricultores, quienes iban instruyendo a los ni\u00f1os sobre c\u00f3mo se hac\u00eda la finca y la plantaci\u00f3n.<\/p>\n<p>&nbsp;<\/p>\n<p><a href=\"http:\/\/www.ayuntamientodeharia.com\/haria\/wp-content\/uploads\/2017\/10\/Taller-de-tintado-4.jpg\"><img decoding=\"async\" class=\"alignleft size-thumbnail wp-image-10678\" src=\"http:\/\/www.ayuntamientodeharia.com\/haria\/wp-content\/uploads\/2017\/10\/Taller-de-tintado-4-150x150.jpg\" alt=\"Taller de tintado (4)\" width=\"150\" height=\"150\" \/><\/a>Me gustar\u00eda mencionar tantas salidas que hicimos con los ni\u00f1os y sus madres, llevando el proyecto por toda Canarias y la Pen\u00ednsula, pero quiero resaltar dos: un intercambio cultural con el CEIP Palomeras Bajas de Madrid y la visita a la Universidad Juan Carlos I de Alcorc\u00f3n; un espect\u00e1culo de cine: los ni\u00f1os sentados en el estrado del Aula Magna de la Universidad y los estudiantes y catedr\u00e1ticos escuchando a las ni\u00f1as y ni\u00f1os de Mala, de entre ocho y doce a\u00f1os, contando las excelencias de la cochinilla.<\/p>\n<p>&nbsp;<\/p>\n<p>En el a\u00f1o 2005 creamos la Asociaci\u00f3n Milana para darles la bienvenida a otras personas.<\/p>\n<p>&nbsp;<\/p>\n<p><strong>\u00bfCu\u00e1les son sus principales actividades y l\u00edneas de trabajo?<\/strong><\/p>\n<p><strong>\u00a0<\/strong><\/p>\n<p>La Asociaci\u00f3n Milana tiene muy bien definidos sus quehaceres: tenemos el proyecto \u2018Integraci\u00f3n social a trav\u00e9s de los tintes naturales: la cochinilla en el arte y la artesan\u00eda IV\u2019, concedido en colaboraci\u00f3n con el Servicio Canario de Empleo y cofinanciado por el Servicio P\u00fablico de Empleo Estatal y el Servicio Canario de Empleo, dedicado a personas en riesgo de exclusi\u00f3n como Centro Penitenciario, Comunidad Terap\u00e9utica de Zonzamas, Centro de D\u00eda de Zonzamas, AFOL, as\u00ed como a otras asociaciones como Tiemar, centros socioculturales y centros educativos.<\/p>\n<p>&nbsp;<\/p>\n<p><a href=\"http:\/\/www.ayuntamientodeharia.com\/haria\/wp-content\/uploads\/2017\/10\/Taller-de-tintado-3.jpg\"><img decoding=\"async\" class=\"alignleft size-thumbnail wp-image-10679\" src=\"http:\/\/www.ayuntamientodeharia.com\/haria\/wp-content\/uploads\/2017\/10\/Taller-de-tintado-3-150x150.jpg\" alt=\"Taller de tintado (3)\" width=\"150\" height=\"150\" \/><\/a>En \u00e9stos \u00faltimos se trata de ense\u00f1ar, adem\u00e1s de los procesos de te\u00f1ido, la creaci\u00f3n de cooperativas, fomentando as\u00ed la emprendedur\u00eda. En estos momentos estamos en la etapa inicial del proyecto y se ha contratado a cinco desempleados, que fueron enviados por el propio Servicio Canario de Empleo para su selecci\u00f3n.<\/p>\n<p>&nbsp;<\/p>\n<p>Adem\u00e1s de ello, contamos con una colaboraci\u00f3n con el Cabildo de Lanzarote, por la que cada a\u00f1o se realiza un proyecto denominado \u2018Las rutas de la cochinilla\u2019, dirigido a centros educativos. Igualmente, con el Ayuntamiento de Har\u00eda mantenemos el proyecto \u2018La cochinilla en el arte y la artesan\u00eda\u2019, de tres meses de duraci\u00f3n, dirigidos a las personas del municipio.<\/p>\n<p>&nbsp;<\/p>\n<p>Finalmente, tengo que decir que las actividades de la Asociaci\u00f3n han traspasado las fronteras de nuestro entorno, trabajando con cadenas televisivas europeas como la RAI Italiana, la BBC inglesa, Canal Arte de Francia y con museos como el MOMA de Nueva York, el Museo Internacional de Artesan\u00eda de Nuevo M\u00e9xico y de California, el Centro de Interpretaci\u00f3n del Doctor de los R\u00edos en M\u00e9xico, el Centro de Interpretaci\u00f3n del Doctor Liberato Portillo de Guadalajara (M\u00e9xico) o la Universidad de La Laguna, con un proyecto de alimentaci\u00f3n con la Doctora Emma Borges y un proyecto de agricultura con el Doctor Dami\u00e1n de Torres.<\/p>\n<p>&nbsp;<\/p>\n<p>S\u00ed quisiera hacer hincapi\u00e9 en que hace tres a\u00f1os nos visit\u00f3 el Doctor Manuel Blasco, de la Universidad de Badajoz, y que tiene prevista una nueva visita en la que se ha ofrecido a impartir una ponencia sobre el aprovechamiento y el uso de la tunera y el tuno, puesto que adem\u00e1s de la cochinilla, el nopal (tunera) se utiliza en la alimentaci\u00f3n, ya que tiene muc\u00edlagos tan importantes para nuestra salud. Hace unos a\u00f1os nos enviaron de M\u00e9xico tuneras sin p\u00faas y un libro con m\u00e1s de mil recetas y ya hay personas en la Isla haciendo experiencias. Reflexionemos: tenemos una riqueza potencial por explorar.<\/p>\n<p>&nbsp;<\/p>\n<p><strong>\u00bfQu\u00e9 trascendencia tuvo en el pasado el cultivo de la cochinilla para el campo conejero?<\/strong><\/p>\n<p><strong>\u00a0<\/strong><\/p>\n<p><a href=\"http:\/\/www.ayuntamientodeharia.com\/haria\/wp-content\/uploads\/2017\/10\/Taller-de-tintado-7.jpg\"><img loading=\"lazy\" decoding=\"async\" class=\"alignleft size-thumbnail wp-image-10680\" src=\"http:\/\/www.ayuntamientodeharia.com\/haria\/wp-content\/uploads\/2017\/10\/Taller-de-tintado-7-150x150.jpg\" alt=\"Taller de tintado (7)\" width=\"150\" height=\"150\" \/><\/a>Podemos decir que la cochinilla, que lleg\u00f3 a Canarias en 1825, tuvo una mala acogida entre los agricultores canarios, que vieron en ella una plaga que iba a acabar con otros cultivos existentes. Pero una vez disipada las dudas, la cochinilla tuvo una gran expansi\u00f3n, puesto que las islas ten\u00edan las condiciones \u00f3ptimas para el cultivo de la tunera y la cr\u00eda de la cochinilla.<\/p>\n<p>&nbsp;<\/p>\n<p><strong>\u00bfCree que se ha avanzado en el rescate de este tipo de cultivo tan importante en el municipio norte\u00f1o?<\/strong><\/p>\n<p><strong>\u00a0<\/strong><\/p>\n<p>Se ha avanzado muy poco. Hay que desarrollar pasiones fuertes para formar a gente joven. Parece que hay buenas intenciones pero hay que plasmarlas.<\/p>\n<p>&nbsp;<\/p>\n<p><strong>\u00bfQu\u00e9 otras utilidades puede tener la cochinilla a d\u00eda de hoy?<\/strong><\/p>\n<p><strong>\u00a0<\/strong><\/p>\n<p>La cochinilla tiene m\u00faltiples aplicaciones: te\u00f1ido de ropa, maderas, cueros, alimentaci\u00f3n, cosm\u00e9tica, medicinas, etc.<br \/>\n<strong><br \/>\n<\/strong><strong>\u00bfCu\u00e1l es la situaci\u00f3n actual del proyecto de centro de interpretaci\u00f3n en Mala?<\/strong><\/p>\n<p><strong>\u00a0<\/strong><\/p>\n<p>Despu\u00e9s de tantos a\u00f1os de incertidumbre parece que se va a abrir pronto. Espero que ello conlleve una esperanza para que la gente vuelva a tener entusiasmo y veamos de nuevo la belleza de los campos de Mala y Guatiza. Tengo en mi retina esas im\u00e1genes del colorido de la gente en medio de ese campo de tuneras, regalo de nuestros antepasados.<\/p>\n<p>&nbsp;<\/p>\n<p>Y rengl\u00f3n aparte, quiero hacer una menci\u00f3n especial a C\u00e9sar Corpas, farmac\u00e9utico industrial y bi\u00f3logo genetista, que nos ense\u00f1\u00f3 el proceso de te\u00f1ido y del carm\u00edn.<\/p>\n<p>&nbsp;<\/p>\n","protected":false},"excerpt":{"rendered":"<p>Entrevista Chana Perera (Asociaci\u00f3n Milana)<\/p>\n","protected":false},"author":7,"featured_media":10676,"comment_status":"closed","ping_status":"closed","sticky":false,"template":"","format":"standard","meta":{"footnotes":""},"categories":[20,66,11,81],"tags":[],"class_list":["post-10675","post","type-post","status-publish","format-standard","has-post-thumbnail","hentry","category-agricultura","category-artesania","category-hoja-de-haria","category-municipio"],"_links":{"self":[{"href":"https:\/\/www.ayuntamientodeharia.com\/haria\/wp-json\/wp\/v2\/posts\/10675","targetHints":{"allow":["GET"]}}],"collection":[{"href":"https:\/\/www.ayuntamientodeharia.com\/haria\/wp-json\/wp\/v2\/posts"}],"about":[{"href":"https:\/\/www.ayuntamientodeharia.com\/haria\/wp-json\/wp\/v2\/types\/post"}],"author":[{"embeddable":true,"href":"https:\/\/www.ayuntamientodeharia.com\/haria\/wp-json\/wp\/v2\/users\/7"}],"replies":[{"embeddable":true,"href":"https:\/\/www.ayuntamientodeharia.com\/haria\/wp-json\/wp\/v2\/comments?post=10675"}],"version-history":[{"count":4,"href":"https:\/\/www.ayuntamientodeharia.com\/haria\/wp-json\/wp\/v2\/posts\/10675\/revisions"}],"predecessor-version":[{"id":10684,"href":"https:\/\/www.ayuntamientodeharia.com\/haria\/wp-json\/wp\/v2\/posts\/10675\/revisions\/10684"}],"wp:featuredmedia":[{"embeddable":true,"href":"https:\/\/www.ayuntamientodeharia.com\/haria\/wp-json\/wp\/v2\/media\/10676"}],"wp:attachment":[{"href":"https:\/\/www.ayuntamientodeharia.com\/haria\/wp-json\/wp\/v2\/media?parent=10675"}],"wp:term":[{"taxonomy":"category","embeddable":true,"href":"https:\/\/www.ayuntamientodeharia.com\/haria\/wp-json\/wp\/v2\/categories?post=10675"},{"taxonomy":"post_tag","embeddable":true,"href":"https:\/\/www.ayuntamientodeharia.com\/haria\/wp-json\/wp\/v2\/tags?post=10675"}],"curies":[{"name":"wp","href":"https:\/\/api.w.org\/{rel}","templated":true}]}}