{"id":10661,"date":"2017-10-20T17:28:16","date_gmt":"2017-10-20T17:28:16","guid":{"rendered":"http:\/\/www.ayuntamientodeharia.com\/haria\/?p=10661"},"modified":"2017-10-27T06:53:19","modified_gmt":"2017-10-27T06:53:19","slug":"campana-con-motivo-del-dia-europeo-del-paro-cardiaco","status":"publish","type":"post","link":"https:\/\/www.ayuntamientodeharia.com\/haria\/campana-con-motivo-del-dia-europeo-del-paro-cardiaco\/","title":{"rendered":"Campa\u00f1a con motivo del D\u00eda Europeo del Paro Cardiaco"},"content":{"rendered":"<p>El CEIP San Juan de Har\u00eda se uni\u00f3 a la campa\u00f1a \u2018Con tus manos puedes salvar la vida de un ser querido\u2019, que tuvo lugar el pasado 16 de octubre, con motivo de la celebraci\u00f3n del D\u00eda Europeo del Paro Cardiaco.<\/p>\n","protected":false},"excerpt":{"rendered":"<p>El CEIP San Juan de Har\u00eda se uni\u00f3 a la campa\u00f1a \u2018Con tus manos puedes salvar la vida de un ser querido\u2019, que tuvo lugar el pasado 16 de octubre, con motivo de la celebraci\u00f3n del D\u00eda Europeo del Paro Cardiaco.<\/p>\n","protected":false},"author":7,"featured_media":10662,"comment_status":"closed","ping_status":"closed","sticky":false,"template":"","format":"standard","meta":{"footnotes":""},"categories":[19,11,64],"tags":[],"class_list":["post-10661","post","type-post","status-publish","format-standard","has-post-thumbnail","hentry","category-formacion","category-hoja-de-haria","category-sanidad"],"_links":{"self":[{"href":"https:\/\/www.ayuntamientodeharia.com\/haria\/wp-json\/wp\/v2\/posts\/10661","targetHints":{"allow":["GET"]}}],"collection":[{"href":"https:\/\/www.ayuntamientodeharia.com\/haria\/wp-json\/wp\/v2\/posts"}],"about":[{"href":"https:\/\/www.ayuntamientodeharia.com\/haria\/wp-json\/wp\/v2\/types\/post"}],"author":[{"embeddable":true,"href":"https:\/\/www.ayuntamientodeharia.com\/haria\/wp-json\/wp\/v2\/users\/7"}],"replies":[{"embeddable":true,"href":"https:\/\/www.ayuntamientodeharia.com\/haria\/wp-json\/wp\/v2\/comments?post=10661"}],"version-history":[{"count":1,"href":"https:\/\/www.ayuntamientodeharia.com\/haria\/wp-json\/wp\/v2\/posts\/10661\/revisions"}],"predecessor-version":[{"id":10663,"href":"https:\/\/www.ayuntamientodeharia.com\/haria\/wp-json\/wp\/v2\/posts\/10661\/revisions\/10663"}],"wp:featuredmedia":[{"embeddable":true,"href":"https:\/\/www.ayuntamientodeharia.com\/haria\/wp-json\/wp\/v2\/media\/10662"}],"wp:attachment":[{"href":"https:\/\/www.ayuntamientodeharia.com\/haria\/wp-json\/wp\/v2\/media?parent=10661"}],"wp:term":[{"taxonomy":"category","embeddable":true,"href":"https:\/\/www.ayuntamientodeharia.com\/haria\/wp-json\/wp\/v2\/categories?post=10661"},{"taxonomy":"post_tag","embeddable":true,"href":"https:\/\/www.ayuntamientodeharia.com\/haria\/wp-json\/wp\/v2\/tags?post=10661"}],"curies":[{"name":"wp","href":"https:\/\/api.w.org\/{rel}","templated":true}]}}