{"id":1066,"date":"2015-03-06T08:30:23","date_gmt":"2015-03-06T08:30:23","guid":{"rendered":"http:\/\/www.ayuntamientodeharia.com\/haria\/?p=1066"},"modified":"2015-03-06T08:30:23","modified_gmt":"2015-03-06T08:30:23","slug":"la-guarderia-municipal-adelanta-la-hora-de-recogida-de-los-ninos","status":"publish","type":"post","link":"https:\/\/www.ayuntamientodeharia.com\/haria\/la-guarderia-municipal-adelanta-la-hora-de-recogida-de-los-ninos\/","title":{"rendered":"La guarder\u00eda municipal adelanta la hora de recogida de los ni\u00f1os"},"content":{"rendered":"<p>La direcci\u00f3n de la Guarder\u00eda Municipal de Har\u00eda comunica a los vecinos del municipio que a partir del lunes, 9 de marzo, se adelanta el horario de apertura de las instalaciones a las 7:00 horas.<\/p>\n<p>&nbsp;<\/p>\n<p>Con esta iniciativa se pretende mejorar el servicio, adapt\u00e1ndose a los horarios de algunos padres y madres que entran a trabajar a primera hora de la ma\u00f1ana.<\/p>\n","protected":false},"excerpt":{"rendered":"<p>La direcci\u00f3n de la Guarder\u00eda Municipal de Har\u00eda comunica a los vecinos del municipio que a partir del lunes, 9 de marzo, se adelanta el horario de apertura de las instalaciones a las 7:00 horas. &nbsp; Con esta iniciativa se pretende mejorar el servicio, adapt\u00e1ndose a los horarios de algunos padres y madres que entran [&hellip;]<\/p>\n","protected":false},"author":2,"featured_media":0,"comment_status":"closed","ping_status":"closed","sticky":false,"template":"","format":"standard","meta":{"footnotes":""},"categories":[11],"tags":[],"class_list":["post-1066","post","type-post","status-publish","format-standard","hentry","category-hoja-de-haria"],"_links":{"self":[{"href":"https:\/\/www.ayuntamientodeharia.com\/haria\/wp-json\/wp\/v2\/posts\/1066","targetHints":{"allow":["GET"]}}],"collection":[{"href":"https:\/\/www.ayuntamientodeharia.com\/haria\/wp-json\/wp\/v2\/posts"}],"about":[{"href":"https:\/\/www.ayuntamientodeharia.com\/haria\/wp-json\/wp\/v2\/types\/post"}],"author":[{"embeddable":true,"href":"https:\/\/www.ayuntamientodeharia.com\/haria\/wp-json\/wp\/v2\/users\/2"}],"replies":[{"embeddable":true,"href":"https:\/\/www.ayuntamientodeharia.com\/haria\/wp-json\/wp\/v2\/comments?post=1066"}],"version-history":[{"count":0,"href":"https:\/\/www.ayuntamientodeharia.com\/haria\/wp-json\/wp\/v2\/posts\/1066\/revisions"}],"wp:attachment":[{"href":"https:\/\/www.ayuntamientodeharia.com\/haria\/wp-json\/wp\/v2\/media?parent=1066"}],"wp:term":[{"taxonomy":"category","embeddable":true,"href":"https:\/\/www.ayuntamientodeharia.com\/haria\/wp-json\/wp\/v2\/categories?post=1066"},{"taxonomy":"post_tag","embeddable":true,"href":"https:\/\/www.ayuntamientodeharia.com\/haria\/wp-json\/wp\/v2\/tags?post=1066"}],"curies":[{"name":"wp","href":"https:\/\/api.w.org\/{rel}","templated":true}]}}