{"id":10659,"date":"2017-10-20T17:22:23","date_gmt":"2017-10-20T17:22:23","guid":{"rendered":"http:\/\/www.ayuntamientodeharia.com\/haria\/?p=10659"},"modified":"2017-10-27T06:54:19","modified_gmt":"2017-10-27T06:54:19","slug":"donacion-de-libros-a-la-biblioteca","status":"publish","type":"post","link":"https:\/\/www.ayuntamientodeharia.com\/haria\/donacion-de-libros-a-la-biblioteca\/","title":{"rendered":"Donaci\u00f3n de libros a la Biblioteca"},"content":{"rendered":"<p><a href=\"http:\/\/www.ayuntamientodeharia.com\/haria\/wp-content\/uploads\/2017\/07\/libros.jpg\"><img decoding=\"async\" class=\"alignleft size-thumbnail wp-image-9943\" src=\"http:\/\/www.ayuntamientodeharia.com\/haria\/wp-content\/uploads\/2017\/07\/libros-150x150.jpg\" alt=\"libros\" width=\"150\" height=\"150\" \/><\/a>La Biblioteca Municipal, dependiente de la Concejal\u00eda de Cultura, quiere agradecer la donaci\u00f3n de libros realizada por Raquel Fern\u00e1ndez Cabrera.<\/p>\n<p><!--more--><\/p>\n<p>&nbsp;<\/p>\n<p>Dicho material formar\u00e1 parte de los fondos de la Biblioteca para que pueda ser consultado por los usuarios de la misma.<\/p>\n","protected":false},"excerpt":{"rendered":"<p>La Biblioteca Municipal, dependiente de la Concejal\u00eda de Cultura, quiere agradecer la donaci\u00f3n de libros realizada por Raquel Fern\u00e1ndez Cabrera.<\/p>\n","protected":false},"author":7,"featured_media":0,"comment_status":"closed","ping_status":"closed","sticky":false,"template":"","format":"standard","meta":{"footnotes":""},"categories":[16,11],"tags":[],"class_list":["post-10659","post","type-post","status-publish","format-standard","hentry","category-cultura","category-hoja-de-haria"],"_links":{"self":[{"href":"https:\/\/www.ayuntamientodeharia.com\/haria\/wp-json\/wp\/v2\/posts\/10659","targetHints":{"allow":["GET"]}}],"collection":[{"href":"https:\/\/www.ayuntamientodeharia.com\/haria\/wp-json\/wp\/v2\/posts"}],"about":[{"href":"https:\/\/www.ayuntamientodeharia.com\/haria\/wp-json\/wp\/v2\/types\/post"}],"author":[{"embeddable":true,"href":"https:\/\/www.ayuntamientodeharia.com\/haria\/wp-json\/wp\/v2\/users\/7"}],"replies":[{"embeddable":true,"href":"https:\/\/www.ayuntamientodeharia.com\/haria\/wp-json\/wp\/v2\/comments?post=10659"}],"version-history":[{"count":1,"href":"https:\/\/www.ayuntamientodeharia.com\/haria\/wp-json\/wp\/v2\/posts\/10659\/revisions"}],"predecessor-version":[{"id":10660,"href":"https:\/\/www.ayuntamientodeharia.com\/haria\/wp-json\/wp\/v2\/posts\/10659\/revisions\/10660"}],"wp:attachment":[{"href":"https:\/\/www.ayuntamientodeharia.com\/haria\/wp-json\/wp\/v2\/media?parent=10659"}],"wp:term":[{"taxonomy":"category","embeddable":true,"href":"https:\/\/www.ayuntamientodeharia.com\/haria\/wp-json\/wp\/v2\/categories?post=10659"},{"taxonomy":"post_tag","embeddable":true,"href":"https:\/\/www.ayuntamientodeharia.com\/haria\/wp-json\/wp\/v2\/tags?post=10659"}],"curies":[{"name":"wp","href":"https:\/\/api.w.org\/{rel}","templated":true}]}}