{"id":10623,"date":"2017-10-13T10:22:44","date_gmt":"2017-10-13T10:22:44","guid":{"rendered":"http:\/\/www.ayuntamientodeharia.com\/haria\/?p=10623"},"modified":"2017-10-13T10:22:44","modified_gmt":"2017-10-13T10:22:44","slug":"viaje-de-mayores-a-extremadura","status":"publish","type":"post","link":"https:\/\/www.ayuntamientodeharia.com\/haria\/viaje-de-mayores-a-extremadura\/","title":{"rendered":"Viaje de mayores a Extremadura"},"content":{"rendered":"<p>Un total de 49 mayores del municipio particip\u00f3 en el viaje a Extremadura que tuvo lugar entre el 2 y el 9 de octubre, acompa\u00f1ados por la concejala de la Tercera Edad, Mar\u00eda Auxiliadora Fern\u00e1ndez, y personal del \u00c1rea.<\/p>\n<p><!--more--><\/p>\n<p>&nbsp;<\/p>\n<p>Durante el itinerario visitaron distintos lugares como C\u00e1ceres, M\u00e9rida,Trujillo, Guadalupe y Badajoz, as\u00ed como los bellos paisajes del valle del Jerte.<\/p>\n","protected":false},"excerpt":{"rendered":"<p>Un total de 49 mayores del municipio particip\u00f3 en el viaje a Extremadura que tuvo lugar entre el 2 y el 9 de octubre, acompa\u00f1ados por la concejala de la Tercera Edad, Mar\u00eda Auxiliadora Fern\u00e1ndez, y personal del \u00c1rea.<\/p>\n","protected":false},"author":7,"featured_media":10624,"comment_status":"closed","ping_status":"closed","sticky":false,"template":"","format":"standard","meta":{"footnotes":""},"categories":[11,61],"tags":[],"class_list":["post-10623","post","type-post","status-publish","format-standard","has-post-thumbnail","hentry","category-hoja-de-haria","category-tercera-edad"],"_links":{"self":[{"href":"https:\/\/www.ayuntamientodeharia.com\/haria\/wp-json\/wp\/v2\/posts\/10623","targetHints":{"allow":["GET"]}}],"collection":[{"href":"https:\/\/www.ayuntamientodeharia.com\/haria\/wp-json\/wp\/v2\/posts"}],"about":[{"href":"https:\/\/www.ayuntamientodeharia.com\/haria\/wp-json\/wp\/v2\/types\/post"}],"author":[{"embeddable":true,"href":"https:\/\/www.ayuntamientodeharia.com\/haria\/wp-json\/wp\/v2\/users\/7"}],"replies":[{"embeddable":true,"href":"https:\/\/www.ayuntamientodeharia.com\/haria\/wp-json\/wp\/v2\/comments?post=10623"}],"version-history":[{"count":1,"href":"https:\/\/www.ayuntamientodeharia.com\/haria\/wp-json\/wp\/v2\/posts\/10623\/revisions"}],"predecessor-version":[{"id":10625,"href":"https:\/\/www.ayuntamientodeharia.com\/haria\/wp-json\/wp\/v2\/posts\/10623\/revisions\/10625"}],"wp:featuredmedia":[{"embeddable":true,"href":"https:\/\/www.ayuntamientodeharia.com\/haria\/wp-json\/wp\/v2\/media\/10624"}],"wp:attachment":[{"href":"https:\/\/www.ayuntamientodeharia.com\/haria\/wp-json\/wp\/v2\/media?parent=10623"}],"wp:term":[{"taxonomy":"category","embeddable":true,"href":"https:\/\/www.ayuntamientodeharia.com\/haria\/wp-json\/wp\/v2\/categories?post=10623"},{"taxonomy":"post_tag","embeddable":true,"href":"https:\/\/www.ayuntamientodeharia.com\/haria\/wp-json\/wp\/v2\/tags?post=10623"}],"curies":[{"name":"wp","href":"https:\/\/api.w.org\/{rel}","templated":true}]}}