{"id":10616,"date":"2017-10-13T10:14:51","date_gmt":"2017-10-13T10:14:51","guid":{"rendered":"http:\/\/www.ayuntamientodeharia.com\/haria\/?p=10616"},"modified":"2017-10-13T10:14:51","modified_gmt":"2017-10-13T10:14:51","slug":"desde-mi-atalaya-jesus-perdomo-ramirez-7","status":"publish","type":"post","link":"https:\/\/www.ayuntamientodeharia.com\/haria\/desde-mi-atalaya-jesus-perdomo-ramirez-7\/","title":{"rendered":"Desde mi Atalaya.  Jes\u00fas Perdomo Ram\u00edrez"},"content":{"rendered":"<p><strong><a href=\"http:\/\/www.ayuntamientodeharia.com\/haria\/wp-content\/uploads\/2017\/08\/jesus-perdomo.jpg\"><img decoding=\"async\" class=\"alignleft size-thumbnail wp-image-10322\" src=\"http:\/\/www.ayuntamientodeharia.com\/haria\/wp-content\/uploads\/2017\/08\/jesus-perdomo-125x150.jpg\" alt=\"jesus perdomo\" width=\"125\" height=\"150\" \/><\/a>Esteban Ram\u00edrez de Le\u00f3n. Fundador de la Agrupaci\u00f3n Folcl\u00f3rica de la Oliva<\/strong><\/p>\n<p><!--more--><\/p>\n<p>&nbsp;<\/p>\n<p>&nbsp;<\/p>\n<p>A lo largo de la historia, los habitantes del municipio de Har\u00eda se conoc\u00edan por los rangos de cargos, dignidad, profesi\u00f3n u oficio. Eran las circunstancias personales m\u00e1s utilizadas para distinguir a unas personas de otras. Hoy debemos escribir de un hombre de hechos, de muchos hechos realizados a lo largo de la geograf\u00eda canaria: Don Esteban Ram\u00edrez de Le\u00f3n.<\/p>\n<p>&nbsp;<\/p>\n<p>Nacido en la aldea de Mala, municipio de Har\u00eda, el d\u00eda 29 de abril de 1914, se afinc\u00f3 en Fuerteventura durante varias d\u00e9cadas. Muri\u00f3 en la Oliva, en 2007. Era hijo de Don Calixto Ram\u00edrez Brito y de Do\u00f1a Mar\u00eda de Le\u00f3n Delgado, naturales de Har\u00eda.<\/p>\n<p>&nbsp;<\/p>\n<p>De temprana edad aprende a tocar los instrumentos de cuerdas cuando se celebraban los bailes del candil en su pueblo. En sus tareas agr\u00edcolas, en los campos de Lanzarote, aprende y perfecciona los cantos de su tierra.<\/p>\n<p>&nbsp;<\/p>\n<p>En plena Guerra Civil Espa\u00f1ola se traslada a la isla de Fuerteventura y contin\u00faa su labor folcl\u00f3rica con un grupo de amigos, colaborando y participando en los Ranchos de Pascual en la vecina isla. Ser\u00eda en la d\u00e9cada de 1960 cuando se va formando y creando vivencias dentro del grupo.<\/p>\n<p>&nbsp;<\/p>\n<p>El d\u00eda 7 de junio de 1970 act\u00faa por primera vez con la Agrupaci\u00f3n Folcl\u00f3rica de la Oliva, con un estilo propio e inigualable que ha caracterizado a Don Esteban Ram\u00edrez a lo largo de toda su vida.<\/p>\n<p>&nbsp;<\/p>\n<p>Intervino en varias ocasiones en el programa \u2018Tenderete\u2019 de TVE en Canarias.<\/p>\n<p>&nbsp;<\/p>\n<p>El Primer Encuentro folcl\u00f3rico \u2018Don Esteban Ram\u00edrez de Le\u00f3n\u2019 data de 1995 y coincide con las fiestas tradicionales de Nuestra Se\u00f1ora de la Candelaria, en el municipio de la Oliva.<\/p>\n<p>&nbsp;<\/p>\n<p>El d\u00eda 30 de mayo de 2001 se present\u00f3 en la Casa Ajei de San Bartolom\u00e9 un libro a su memoria: \u2018Las polcas de las suegras de las siete islas\u2019, que ha sido escrito por una gran admiradora suya, Do\u00f1a Francisca Duque D\u00edaz, natural del pueblo Tao.<\/p>\n<p>&nbsp;<\/p>\n<p>Particip\u00f3 en el Segundo Encuentro \u2018Memorial Aje\u00ed\u2019, en agosto de 2001.<\/p>\n<p>&nbsp;<\/p>\n<p>Hoy, la Agrupaci\u00f3n Folcl\u00f3rica de la Oliva est\u00e1 compuesta por cuatro hijos: Mar\u00eda, Rafael, Esteban Zoilo y Julia Concepci\u00f3n. Tambi\u00e9n participan tres de sus nietos, siendo el actual presidente su hijo Esteban Ram\u00edrez, hijo del fundador de esta agrupaci\u00f3n musical.<\/p>\n<p>&nbsp;<\/p>\n<p>Con estos argumentos resumidos, de manera muy breve, nos hemos atrevido a publicar esta biograf\u00eda de un hijo destacado de Har\u00eda.<\/p>\n","protected":false},"excerpt":{"rendered":"<p>Esteban Ram\u00edrez de Le\u00f3n. Fundador de la Agrupaci\u00f3n Folcl\u00f3rica de la Oliva<\/p>\n","protected":false},"author":7,"featured_media":0,"comment_status":"closed","ping_status":"closed","sticky":false,"template":"","format":"standard","meta":{"footnotes":""},"categories":[11],"tags":[],"class_list":["post-10616","post","type-post","status-publish","format-standard","hentry","category-hoja-de-haria"],"_links":{"self":[{"href":"https:\/\/www.ayuntamientodeharia.com\/haria\/wp-json\/wp\/v2\/posts\/10616","targetHints":{"allow":["GET"]}}],"collection":[{"href":"https:\/\/www.ayuntamientodeharia.com\/haria\/wp-json\/wp\/v2\/posts"}],"about":[{"href":"https:\/\/www.ayuntamientodeharia.com\/haria\/wp-json\/wp\/v2\/types\/post"}],"author":[{"embeddable":true,"href":"https:\/\/www.ayuntamientodeharia.com\/haria\/wp-json\/wp\/v2\/users\/7"}],"replies":[{"embeddable":true,"href":"https:\/\/www.ayuntamientodeharia.com\/haria\/wp-json\/wp\/v2\/comments?post=10616"}],"version-history":[{"count":1,"href":"https:\/\/www.ayuntamientodeharia.com\/haria\/wp-json\/wp\/v2\/posts\/10616\/revisions"}],"predecessor-version":[{"id":10617,"href":"https:\/\/www.ayuntamientodeharia.com\/haria\/wp-json\/wp\/v2\/posts\/10616\/revisions\/10617"}],"wp:attachment":[{"href":"https:\/\/www.ayuntamientodeharia.com\/haria\/wp-json\/wp\/v2\/media?parent=10616"}],"wp:term":[{"taxonomy":"category","embeddable":true,"href":"https:\/\/www.ayuntamientodeharia.com\/haria\/wp-json\/wp\/v2\/categories?post=10616"},{"taxonomy":"post_tag","embeddable":true,"href":"https:\/\/www.ayuntamientodeharia.com\/haria\/wp-json\/wp\/v2\/tags?post=10616"}],"curies":[{"name":"wp","href":"https:\/\/api.w.org\/{rel}","templated":true}]}}