{"id":10613,"date":"2017-10-05T23:23:03","date_gmt":"2017-10-05T23:23:03","guid":{"rendered":"http:\/\/www.ayuntamientodeharia.com\/haria\/?p=10613"},"modified":"2017-10-05T23:23:03","modified_gmt":"2017-10-05T23:23:03","slug":"abierto-el-periodo-de-inscripcion-en-la-escuela-de-musica","status":"publish","type":"post","link":"https:\/\/www.ayuntamientodeharia.com\/haria\/abierto-el-periodo-de-inscripcion-en-la-escuela-de-musica\/","title":{"rendered":"Abierto el per\u00edodo de inscripci\u00f3n en la Escuela de M\u00fasica"},"content":{"rendered":"<p><a href=\"http:\/\/www.ayuntamientodeharia.com\/haria\/wp-content\/uploads\/2015\/09\/ofrenda.jpg\"><img decoding=\"async\" class=\"alignleft size-thumbnail wp-image-2481\" src=\"http:\/\/www.ayuntamientodeharia.com\/haria\/wp-content\/uploads\/2015\/09\/ofrenda-150x150.jpg\" alt=\"ofrenda\" width=\"150\" height=\"150\" \/><\/a>El pr\u00f3ximo lunes, 9 de octubre, se abrir\u00e1 el per\u00edodo de matr\u00edcula en la Escuela de M\u00fasica de Har\u00eda correspondiente al curso 2017\/2018, cubri\u00e9ndose las plazas por riguroso orden de inscripci\u00f3n.<\/p>\n<p><!--more--><\/p>\n<p>&nbsp;<\/p>\n<p>La formaci\u00f3n te\u00f3rica y pr\u00e1ctica de los alumnos estar\u00e1 dividida en dos ciclos dependiendo de la edad de los escolares. En el ciclo inicial, para ni\u00f1os de 3 a 7 a\u00f1os, se impartir\u00e1 la asignatura de m\u00fasica y movimiento. En el ciclo b\u00e1sico, a partir de los 8 a\u00f1os, se impartir\u00e1 la asignatura de lenguaje musical y se elegir\u00e1 instrumento: piano, guitarra, bajo, canto, percusi\u00f3n o bater\u00eda.<\/p>\n<p>&nbsp;<\/p>\n<p>Los alumnos que se inscriban en el ciclo inicial (dos clases a la semana de 45 minutos cada una) deber\u00e1n abonar 20 euros al mes. Aquellos que lo hagan en el ciclo b\u00e1sico (una clase semanal de solfeo y otra de instrumento) deber\u00e1n abonar 25 euros al mes y 10 euros por cada instrumento o clase adicional.<\/p>\n<p>&nbsp;<\/p>\n<p>Aquellos alumnos que tengan dos o m\u00e1s miembros de la unidad familiar matriculados en la Escuela de M\u00fasica podr\u00e1n beneficiarse de un descuento de 10 euros en la segunda matr\u00edcula y de 5 euros en las sucesivas. Recibir\u00e1n una reducci\u00f3n del 50% de la matr\u00edcula los alumnos con carn\u00e9 de familia numerosa vigente a partir del 1 de enero de 2015, as\u00ed como aquellos que acrediten alguna minusval\u00eda.<\/p>\n<p>&nbsp;<\/p>\n<p>Los alumnos perder\u00e1n la matr\u00edcula si no abonan la mensualidad durante dos meses seguidos o cuatro alternos durante un mismo curso. Si el alumno causa baja una vez abonada la mensualidad no tendr\u00e1 derecho a la devoluci\u00f3n.<br \/>\nLas bajas y dem\u00e1s modificaciones de las condiciones de los alumnos, para que causen efecto en el abono mensual de la matr\u00edcula, deber\u00e1n ser comunicadas por escrito en el mes natural en que se produzcan para que se gestione en el mes siguiente.<\/p>\n<p>&nbsp;<\/p>\n<p>Las personas interesadas deber\u00e1n formalizar la matr\u00edcula cumplimentando la ficha de inscripci\u00f3n que podr\u00e1n descargar en la web www.juventudharia.es o solicitarla en las oficinas de Juventud y de Cultura, de lunes a viernes, en horario de 08:00 a 14:00 horas. donde una vez cumplimentada deber\u00e1n entregar junto con una fotocopia del DNI del alumno, el n\u00famero de cuenta, el documento de autorizaci\u00f3n de domiciliaci\u00f3n bancaria firmado, as\u00ed como el resguardo de ingreso de 15 euros por la matr\u00edcula para los alumnos no empadronados en Har\u00eda (N\u00ba de cuenta: ES47-2038-7236-65-6400000648).<\/p>\n","protected":false},"excerpt":{"rendered":"<p>El pr\u00f3ximo lunes, 9 de octubre, se abrir\u00e1 el per\u00edodo de matr\u00edcula en la Escuela de M\u00fasica de Har\u00eda correspondiente al curso 2017\/2018, cubri\u00e9ndose las plazas por riguroso orden de inscripci\u00f3n.<\/p>\n","protected":false},"author":7,"featured_media":0,"comment_status":"closed","ping_status":"closed","sticky":false,"template":"","format":"standard","meta":{"footnotes":""},"categories":[16,11],"tags":[],"class_list":["post-10613","post","type-post","status-publish","format-standard","hentry","category-cultura","category-hoja-de-haria"],"_links":{"self":[{"href":"https:\/\/www.ayuntamientodeharia.com\/haria\/wp-json\/wp\/v2\/posts\/10613","targetHints":{"allow":["GET"]}}],"collection":[{"href":"https:\/\/www.ayuntamientodeharia.com\/haria\/wp-json\/wp\/v2\/posts"}],"about":[{"href":"https:\/\/www.ayuntamientodeharia.com\/haria\/wp-json\/wp\/v2\/types\/post"}],"author":[{"embeddable":true,"href":"https:\/\/www.ayuntamientodeharia.com\/haria\/wp-json\/wp\/v2\/users\/7"}],"replies":[{"embeddable":true,"href":"https:\/\/www.ayuntamientodeharia.com\/haria\/wp-json\/wp\/v2\/comments?post=10613"}],"version-history":[{"count":1,"href":"https:\/\/www.ayuntamientodeharia.com\/haria\/wp-json\/wp\/v2\/posts\/10613\/revisions"}],"predecessor-version":[{"id":10614,"href":"https:\/\/www.ayuntamientodeharia.com\/haria\/wp-json\/wp\/v2\/posts\/10613\/revisions\/10614"}],"wp:attachment":[{"href":"https:\/\/www.ayuntamientodeharia.com\/haria\/wp-json\/wp\/v2\/media?parent=10613"}],"wp:term":[{"taxonomy":"category","embeddable":true,"href":"https:\/\/www.ayuntamientodeharia.com\/haria\/wp-json\/wp\/v2\/categories?post=10613"},{"taxonomy":"post_tag","embeddable":true,"href":"https:\/\/www.ayuntamientodeharia.com\/haria\/wp-json\/wp\/v2\/tags?post=10613"}],"curies":[{"name":"wp","href":"https:\/\/api.w.org\/{rel}","templated":true}]}}