{"id":10611,"date":"2017-10-05T23:18:34","date_gmt":"2017-10-05T23:18:34","guid":{"rendered":"http:\/\/www.ayuntamientodeharia.com\/haria\/?p=10611"},"modified":"2017-10-05T23:18:34","modified_gmt":"2017-10-05T23:18:34","slug":"comienzan-las-clases-del-taller-de-manualidades","status":"publish","type":"post","link":"https:\/\/www.ayuntamientodeharia.com\/haria\/comienzan-las-clases-del-taller-de-manualidades\/","title":{"rendered":"Comienzan las clases del taller de manualidades"},"content":{"rendered":"<p><a href=\"http:\/\/www.ayuntamientodeharia.com\/haria\/wp-content\/uploads\/2017\/05\/0697-Telar.jpg\"><img decoding=\"async\" class=\"alignleft size-thumbnail wp-image-9191\" src=\"http:\/\/www.ayuntamientodeharia.com\/haria\/wp-content\/uploads\/2017\/05\/0697-Telar-150x150.jpg\" alt=\"0697 Telar\" width=\"150\" height=\"150\" \/><\/a>La Concejal\u00eda de Igualdad, coordinada por Auxiliadora Fern\u00e1ndez, pone en marcha un taller de manualidades que se impartir\u00e1 a partir del 2 de octubre, los lunes, de 16:00 a 18:00 horas, en el Centro Sociocultural Calet\u00f3n de \u00d3rzola, de 18:30 a 20:30 horas, en el Centro de la Tercera Edad de Har\u00eda y los viernes, de 16:00 a 18:00 horas, en la Sociedad Renacimiento de Mala.<\/p>\n<p><!--more--><\/p>\n<p>&nbsp;<\/p>\n<p>El coste de la actividad es de 10 euros mensuales. Las personas interesadas en recibir m\u00e1s informaci\u00f3n o realizar la inscripci\u00f3n deber\u00e1n ponerse en contacto con en el Departamento de Cultura o a trav\u00e9s de los tel\u00e9fonos 928 835 009 y 928 835 300.<\/p>\n","protected":false},"excerpt":{"rendered":"<p>La Concejal\u00eda de Igualdad, coordinada por Auxiliadora Fern\u00e1ndez, pone en marcha un taller de manualidades que se impartir\u00e1 a partir del 2 de octubre, los lunes, de 16:00 a 18:00 horas, en el Centro Sociocultural Calet\u00f3n de \u00d3rzola, de 18:30 a 20:30 horas, en el Centro de la Tercera Edad de Har\u00eda y los viernes, [&hellip;]<\/p>\n","protected":false},"author":7,"featured_media":0,"comment_status":"closed","ping_status":"closed","sticky":false,"template":"","format":"standard","meta":{"footnotes":""},"categories":[11,30],"tags":[],"class_list":["post-10611","post","type-post","status-publish","format-standard","hentry","category-hoja-de-haria","category-igualdad"],"_links":{"self":[{"href":"https:\/\/www.ayuntamientodeharia.com\/haria\/wp-json\/wp\/v2\/posts\/10611","targetHints":{"allow":["GET"]}}],"collection":[{"href":"https:\/\/www.ayuntamientodeharia.com\/haria\/wp-json\/wp\/v2\/posts"}],"about":[{"href":"https:\/\/www.ayuntamientodeharia.com\/haria\/wp-json\/wp\/v2\/types\/post"}],"author":[{"embeddable":true,"href":"https:\/\/www.ayuntamientodeharia.com\/haria\/wp-json\/wp\/v2\/users\/7"}],"replies":[{"embeddable":true,"href":"https:\/\/www.ayuntamientodeharia.com\/haria\/wp-json\/wp\/v2\/comments?post=10611"}],"version-history":[{"count":1,"href":"https:\/\/www.ayuntamientodeharia.com\/haria\/wp-json\/wp\/v2\/posts\/10611\/revisions"}],"predecessor-version":[{"id":10612,"href":"https:\/\/www.ayuntamientodeharia.com\/haria\/wp-json\/wp\/v2\/posts\/10611\/revisions\/10612"}],"wp:attachment":[{"href":"https:\/\/www.ayuntamientodeharia.com\/haria\/wp-json\/wp\/v2\/media?parent=10611"}],"wp:term":[{"taxonomy":"category","embeddable":true,"href":"https:\/\/www.ayuntamientodeharia.com\/haria\/wp-json\/wp\/v2\/categories?post=10611"},{"taxonomy":"post_tag","embeddable":true,"href":"https:\/\/www.ayuntamientodeharia.com\/haria\/wp-json\/wp\/v2\/tags?post=10611"}],"curies":[{"name":"wp","href":"https:\/\/api.w.org\/{rel}","templated":true}]}}