{"id":10609,"date":"2017-10-05T23:17:24","date_gmt":"2017-10-05T23:17:24","guid":{"rendered":"http:\/\/www.ayuntamientodeharia.com\/haria\/?p=10609"},"modified":"2017-10-05T23:17:24","modified_gmt":"2017-10-05T23:17:24","slug":"abierto-el-plazo-para-solicitar-las-ayudas-al-transporte-2","status":"publish","type":"post","link":"https:\/\/www.ayuntamientodeharia.com\/haria\/abierto-el-plazo-para-solicitar-las-ayudas-al-transporte-2\/","title":{"rendered":"Abierto el plazo para solicitar las ayudas al transporte"},"content":{"rendered":"<p><a href=\"http:\/\/www.ayuntamientodeharia.com\/haria\/wp-content\/uploads\/2017\/07\/libros.jpg\"><img decoding=\"async\" class=\"alignleft size-thumbnail wp-image-9943\" src=\"http:\/\/www.ayuntamientodeharia.com\/haria\/wp-content\/uploads\/2017\/07\/libros-150x150.jpg\" alt=\"libros\" width=\"150\" height=\"150\" \/><\/a>La Concejal\u00eda de Educaci\u00f3n, coordinada por Jos\u00e9 P\u00e9rez Dorta, abre el plazo para que los alumnos del municipio que cursen estudios universitarios, m\u00e1ster, postgrados, cursos de extensi\u00f3n universitaria y m\u00f3dulos profesionales, en cualquier rama o disciplina,\u00a0 fuera de la Isla soliciten las ayudas al transporte correspondientes al curso 2015\/2016.<\/p>\n<p><!--more--><\/p>\n<p>&nbsp;<\/p>\n<p>Los solicitantes de las ayudas deber\u00e1n presentar la documentaci\u00f3n requerida antes del 30 de octubre en el Registro General del Ayuntamiento. Toda la informaci\u00f3n sobre la convocatoria de la subvenci\u00f3n puede ser consultada en la web municipal <a href=\"http:\/\/www.ayuntamientodeharia.com\">www.ayuntamientodeharia.com<\/a>.<\/p>\n","protected":false},"excerpt":{"rendered":"<p>La Concejal\u00eda de Educaci\u00f3n, coordinada por Jos\u00e9 P\u00e9rez Dorta, abre el plazo para que los alumnos del municipio que cursen estudios universitarios, m\u00e1ster, postgrados, cursos de extensi\u00f3n universitaria y m\u00f3dulos profesionales, en cualquier rama o disciplina,\u00a0 fuera de la Isla soliciten las ayudas al transporte correspondientes al curso 2015\/2016.<\/p>\n","protected":false},"author":7,"featured_media":0,"comment_status":"closed","ping_status":"closed","sticky":false,"template":"","format":"standard","meta":{"footnotes":""},"categories":[19,11],"tags":[],"class_list":["post-10609","post","type-post","status-publish","format-standard","hentry","category-formacion","category-hoja-de-haria"],"_links":{"self":[{"href":"https:\/\/www.ayuntamientodeharia.com\/haria\/wp-json\/wp\/v2\/posts\/10609","targetHints":{"allow":["GET"]}}],"collection":[{"href":"https:\/\/www.ayuntamientodeharia.com\/haria\/wp-json\/wp\/v2\/posts"}],"about":[{"href":"https:\/\/www.ayuntamientodeharia.com\/haria\/wp-json\/wp\/v2\/types\/post"}],"author":[{"embeddable":true,"href":"https:\/\/www.ayuntamientodeharia.com\/haria\/wp-json\/wp\/v2\/users\/7"}],"replies":[{"embeddable":true,"href":"https:\/\/www.ayuntamientodeharia.com\/haria\/wp-json\/wp\/v2\/comments?post=10609"}],"version-history":[{"count":1,"href":"https:\/\/www.ayuntamientodeharia.com\/haria\/wp-json\/wp\/v2\/posts\/10609\/revisions"}],"predecessor-version":[{"id":10610,"href":"https:\/\/www.ayuntamientodeharia.com\/haria\/wp-json\/wp\/v2\/posts\/10609\/revisions\/10610"}],"wp:attachment":[{"href":"https:\/\/www.ayuntamientodeharia.com\/haria\/wp-json\/wp\/v2\/media?parent=10609"}],"wp:term":[{"taxonomy":"category","embeddable":true,"href":"https:\/\/www.ayuntamientodeharia.com\/haria\/wp-json\/wp\/v2\/categories?post=10609"},{"taxonomy":"post_tag","embeddable":true,"href":"https:\/\/www.ayuntamientodeharia.com\/haria\/wp-json\/wp\/v2\/tags?post=10609"}],"curies":[{"name":"wp","href":"https:\/\/api.w.org\/{rel}","templated":true}]}}