{"id":10607,"date":"2017-10-05T23:15:54","date_gmt":"2017-10-05T23:15:54","guid":{"rendered":"http:\/\/www.ayuntamientodeharia.com\/haria\/?p=10607"},"modified":"2017-10-05T23:15:54","modified_gmt":"2017-10-05T23:15:54","slug":"reunion-con-los-mayores-del-municipio-para-informarles-sobre-los-viajes-del-imserso","status":"publish","type":"post","link":"https:\/\/www.ayuntamientodeharia.com\/haria\/reunion-con-los-mayores-del-municipio-para-informarles-sobre-los-viajes-del-imserso\/","title":{"rendered":"Reuni\u00f3n con los mayores del municipio para informarles sobre los viajes del IMSERSO"},"content":{"rendered":"<p><a href=\"http:\/\/www.ayuntamientodeharia.com\/haria\/wp-content\/uploads\/2017\/06\/0696-viaje.jpg\"><img decoding=\"async\" class=\"alignleft size-thumbnail wp-image-9299\" src=\"http:\/\/www.ayuntamientodeharia.com\/haria\/wp-content\/uploads\/2017\/06\/0696-viaje-150x150.jpg\" alt=\"0696 viaje\" width=\"150\" height=\"150\" \/><\/a>Los mayores del municipio interesados en inscribirse o reservar plaza en alguno de los viajes propuestos en el programa de Turismo Social del IMSERSO 2018 deber\u00e1n acudir a la reuni\u00f3n informativa que se celebrar\u00e1 el mi\u00e9rcoles 18 de octubre, a las 11.00 horas, en el Centro Sociocultural La Tegala de Har\u00eda.<\/p>\n<p><!--more--><\/p>\n<p>&nbsp;<\/p>\n<p>Los destinos ofertados por el IMSERSO para el 2018 son los siguientes:<\/p>\n<p>&nbsp;<\/p>\n<table>\n<tbody>\n<tr>\n<td width=\"168\"><strong>DESTINO<\/strong><\/td>\n<td width=\"161\"><strong>N\u00daMERO DE PLAZAS<\/strong><\/td>\n<td width=\"85\"><strong>DIAS<\/strong><\/td>\n<td width=\"168\"><strong>FECHA SALIDA<\/strong><\/td>\n<\/tr>\n<tr>\n<td width=\"168\">FUENGIROLA<\/td>\n<td width=\"161\">30<\/td>\n<td width=\"85\">15 DIAS<\/td>\n<td width=\"168\">5 DE FEBRERO<\/td>\n<\/tr>\n<tr>\n<td width=\"168\">ZAMORA<\/td>\n<td width=\"161\">30<\/td>\n<td width=\"85\">6 DIAS<\/td>\n<td width=\"168\">18 DE FEBRERO<\/td>\n<\/tr>\n<tr>\n<td width=\"168\">ISLA CRISTINA (HUELVA)<\/td>\n<td width=\"161\">30<\/td>\n<td width=\"85\">8 DIAS<\/td>\n<td width=\"168\">12 DE MARZO<\/td>\n<\/tr>\n<tr>\n<td width=\"168\">BENIDOR<\/td>\n<td width=\"161\">10<\/td>\n<td width=\"85\">8 DIAS<\/td>\n<td width=\"168\">27 DE MARZO<\/td>\n<\/tr>\n<tr>\n<td width=\"168\">MALLORCA<\/td>\n<td width=\"161\">10<\/td>\n<td width=\"85\">8 DIAS<\/td>\n<td width=\"168\">20 DE ABRIL<\/td>\n<\/tr>\n<tr>\n<td width=\"168\">TENERIFE<\/td>\n<td width=\"161\">20<\/td>\n<td width=\"85\">10 DIAS<\/td>\n<td width=\"168\">20 DE MAYO<\/td>\n<\/tr>\n<\/tbody>\n<\/table>\n<p>&nbsp;<\/p>\n<p>Desde la Concejal\u00eda de la Tercera Edad, coordinada por Mar\u00eda Auxiliadora Fern\u00e1ndez, se recuerda a los mayores interesados en realizar alguno de los viajes propuestos y que no puedan asistir a la reuni\u00f3n que pueden dirigirse al Centro de la Tercera Edad, donde se les facilitar\u00e1 toda la informaci\u00f3n relacionada con las condiciones e itinerarios de los viajes.<\/p>\n","protected":false},"excerpt":{"rendered":"<p>Los mayores del municipio interesados en inscribirse o reservar plaza en alguno de los viajes propuestos en el programa de Turismo Social del IMSERSO 2018 deber\u00e1n acudir a la reuni\u00f3n informativa que se celebrar\u00e1 el mi\u00e9rcoles 18 de octubre, a las 11.00 horas, en el Centro Sociocultural La Tegala de Har\u00eda.<\/p>\n","protected":false},"author":7,"featured_media":0,"comment_status":"closed","ping_status":"closed","sticky":false,"template":"","format":"standard","meta":{"footnotes":""},"categories":[11,61],"tags":[],"class_list":["post-10607","post","type-post","status-publish","format-standard","hentry","category-hoja-de-haria","category-tercera-edad"],"_links":{"self":[{"href":"https:\/\/www.ayuntamientodeharia.com\/haria\/wp-json\/wp\/v2\/posts\/10607","targetHints":{"allow":["GET"]}}],"collection":[{"href":"https:\/\/www.ayuntamientodeharia.com\/haria\/wp-json\/wp\/v2\/posts"}],"about":[{"href":"https:\/\/www.ayuntamientodeharia.com\/haria\/wp-json\/wp\/v2\/types\/post"}],"author":[{"embeddable":true,"href":"https:\/\/www.ayuntamientodeharia.com\/haria\/wp-json\/wp\/v2\/users\/7"}],"replies":[{"embeddable":true,"href":"https:\/\/www.ayuntamientodeharia.com\/haria\/wp-json\/wp\/v2\/comments?post=10607"}],"version-history":[{"count":1,"href":"https:\/\/www.ayuntamientodeharia.com\/haria\/wp-json\/wp\/v2\/posts\/10607\/revisions"}],"predecessor-version":[{"id":10608,"href":"https:\/\/www.ayuntamientodeharia.com\/haria\/wp-json\/wp\/v2\/posts\/10607\/revisions\/10608"}],"wp:attachment":[{"href":"https:\/\/www.ayuntamientodeharia.com\/haria\/wp-json\/wp\/v2\/media?parent=10607"}],"wp:term":[{"taxonomy":"category","embeddable":true,"href":"https:\/\/www.ayuntamientodeharia.com\/haria\/wp-json\/wp\/v2\/categories?post=10607"},{"taxonomy":"post_tag","embeddable":true,"href":"https:\/\/www.ayuntamientodeharia.com\/haria\/wp-json\/wp\/v2\/tags?post=10607"}],"curies":[{"name":"wp","href":"https:\/\/api.w.org\/{rel}","templated":true}]}}