{"id":10605,"date":"2017-10-05T23:14:34","date_gmt":"2017-10-05T23:14:34","guid":{"rendered":"http:\/\/www.ayuntamientodeharia.com\/haria\/?p=10605"},"modified":"2017-10-05T23:14:34","modified_gmt":"2017-10-05T23:14:34","slug":"se-abre-el-plazo-para-participar-en-la-feria-de-la-tapa-de-la-haria-extreme-lanzarote","status":"publish","type":"post","link":"https:\/\/www.ayuntamientodeharia.com\/haria\/se-abre-el-plazo-para-participar-en-la-feria-de-la-tapa-de-la-haria-extreme-lanzarote\/","title":{"rendered":"Se abre el plazo para participar en la Feria de la Tapa de la \u2018Har\u00eda Extreme Lanzarote\u2019"},"content":{"rendered":"<p><a href=\"http:\/\/www.ayuntamientodeharia.com\/haria\/wp-content\/uploads\/2016\/11\/Extreme-4.jpg\"><img decoding=\"async\" class=\"alignleft size-thumbnail wp-image-7346\" src=\"http:\/\/www.ayuntamientodeharia.com\/haria\/wp-content\/uploads\/2016\/11\/Extreme-4-150x150.jpg\" alt=\"extreme-4\" width=\"150\" height=\"150\" \/><\/a>Las empresas de restauraci\u00f3n interesadas en participar en la Feria de la Tapa de la \u2018Har\u00eda Extreme\u2019, \u2018Tapeo\u00b4s Runner\u2019, que tendr\u00e1 lugar el s\u00e1bado 18 de noviembre, d\u00eda de la carrera, deber\u00e1n presentar la solicitud correspondiente, del 9 al 19 de octubre, en el Registro General del Ayuntamiento. La ficha de inscripci\u00f3n se podr\u00e1 descargar en la web oficial del evento, <a href=\"http:\/\/www.hariaextreme.com\">www.hariaextreme.com<\/a>, o solicitarla en el mismo Registro.<\/p>\n<p><!--more--><\/p>\n<p>&nbsp;<\/p>\n<p>Sin lugar a dudas este acontecimiento deportivo es una extraordinaria oportunidad para mostrar al visitante las excelencias y peculiaridades culinarias del municipio de Har\u00eda.<\/p>\n","protected":false},"excerpt":{"rendered":"<p>Las empresas de restauraci\u00f3n interesadas en participar en la Feria de la Tapa de la \u2018Har\u00eda Extreme\u2019, \u2018Tapeo\u00b4s Runner\u2019, que tendr\u00e1 lugar el s\u00e1bado 18 de noviembre, d\u00eda de la carrera, deber\u00e1n presentar la solicitud correspondiente, del 9 al 19 de octubre, en el Registro General del Ayuntamiento. La ficha de inscripci\u00f3n se podr\u00e1 descargar [&hellip;]<\/p>\n","protected":false},"author":7,"featured_media":0,"comment_status":"closed","ping_status":"closed","sticky":false,"template":"","format":"standard","meta":{"footnotes":""},"categories":[17,11],"tags":[],"class_list":["post-10605","post","type-post","status-publish","format-standard","hentry","category-deportes","category-hoja-de-haria"],"_links":{"self":[{"href":"https:\/\/www.ayuntamientodeharia.com\/haria\/wp-json\/wp\/v2\/posts\/10605","targetHints":{"allow":["GET"]}}],"collection":[{"href":"https:\/\/www.ayuntamientodeharia.com\/haria\/wp-json\/wp\/v2\/posts"}],"about":[{"href":"https:\/\/www.ayuntamientodeharia.com\/haria\/wp-json\/wp\/v2\/types\/post"}],"author":[{"embeddable":true,"href":"https:\/\/www.ayuntamientodeharia.com\/haria\/wp-json\/wp\/v2\/users\/7"}],"replies":[{"embeddable":true,"href":"https:\/\/www.ayuntamientodeharia.com\/haria\/wp-json\/wp\/v2\/comments?post=10605"}],"version-history":[{"count":1,"href":"https:\/\/www.ayuntamientodeharia.com\/haria\/wp-json\/wp\/v2\/posts\/10605\/revisions"}],"predecessor-version":[{"id":10606,"href":"https:\/\/www.ayuntamientodeharia.com\/haria\/wp-json\/wp\/v2\/posts\/10605\/revisions\/10606"}],"wp:attachment":[{"href":"https:\/\/www.ayuntamientodeharia.com\/haria\/wp-json\/wp\/v2\/media?parent=10605"}],"wp:term":[{"taxonomy":"category","embeddable":true,"href":"https:\/\/www.ayuntamientodeharia.com\/haria\/wp-json\/wp\/v2\/categories?post=10605"},{"taxonomy":"post_tag","embeddable":true,"href":"https:\/\/www.ayuntamientodeharia.com\/haria\/wp-json\/wp\/v2\/tags?post=10605"}],"curies":[{"name":"wp","href":"https:\/\/api.w.org\/{rel}","templated":true}]}}