{"id":10603,"date":"2017-10-05T23:11:42","date_gmt":"2017-10-05T23:11:42","guid":{"rendered":"http:\/\/www.ayuntamientodeharia.com\/haria\/?p=10603"},"modified":"2017-10-05T23:11:42","modified_gmt":"2017-10-05T23:11:42","slug":"el-grupo-folclorico-guarache-de-tenerife-en-el-mercado-de-haria-artesanal","status":"publish","type":"post","link":"https:\/\/www.ayuntamientodeharia.com\/haria\/el-grupo-folclorico-guarache-de-tenerife-en-el-mercado-de-haria-artesanal\/","title":{"rendered":"El grupo folcl\u00f3rico Guarache de Tenerife, en el Mercado de Har\u00eda Artesanal"},"content":{"rendered":"<p>La Concejal\u00eda de Artesan\u00eda, coordinada por Jos\u00e9 P\u00e9rez Dorta, vuelve a dinamizar las ma\u00f1anas de los s\u00e1bados del Mercado Har\u00eda Artesanal con una nueva actuaci\u00f3n musical. En esta ocasi\u00f3n ser\u00e1 el grupo folcl\u00f3rico Guarache, de la isla de Tenerife, el encargado de amenizar con sus canciones a los visitantes que acudan este s\u00e1bado, 7 de octubre, a las 12:30 horas, al Mercado.<\/p>\n","protected":false},"excerpt":{"rendered":"<p>La Concejal\u00eda de Artesan\u00eda, coordinada por Jos\u00e9 P\u00e9rez Dorta, vuelve a dinamizar las ma\u00f1anas de los s\u00e1bados del Mercado Har\u00eda Artesanal con una nueva actuaci\u00f3n musical. En esta ocasi\u00f3n ser\u00e1 el grupo folcl\u00f3rico Guarache, de la isla de Tenerife, el encargado de amenizar con sus canciones a los visitantes que acudan este s\u00e1bado, 7 de [&hellip;]<\/p>\n","protected":false},"author":7,"featured_media":0,"comment_status":"closed","ping_status":"closed","sticky":false,"template":"","format":"standard","meta":{"footnotes":""},"categories":[66,11],"tags":[],"class_list":["post-10603","post","type-post","status-publish","format-standard","hentry","category-artesania","category-hoja-de-haria"],"_links":{"self":[{"href":"https:\/\/www.ayuntamientodeharia.com\/haria\/wp-json\/wp\/v2\/posts\/10603","targetHints":{"allow":["GET"]}}],"collection":[{"href":"https:\/\/www.ayuntamientodeharia.com\/haria\/wp-json\/wp\/v2\/posts"}],"about":[{"href":"https:\/\/www.ayuntamientodeharia.com\/haria\/wp-json\/wp\/v2\/types\/post"}],"author":[{"embeddable":true,"href":"https:\/\/www.ayuntamientodeharia.com\/haria\/wp-json\/wp\/v2\/users\/7"}],"replies":[{"embeddable":true,"href":"https:\/\/www.ayuntamientodeharia.com\/haria\/wp-json\/wp\/v2\/comments?post=10603"}],"version-history":[{"count":1,"href":"https:\/\/www.ayuntamientodeharia.com\/haria\/wp-json\/wp\/v2\/posts\/10603\/revisions"}],"predecessor-version":[{"id":10604,"href":"https:\/\/www.ayuntamientodeharia.com\/haria\/wp-json\/wp\/v2\/posts\/10603\/revisions\/10604"}],"wp:attachment":[{"href":"https:\/\/www.ayuntamientodeharia.com\/haria\/wp-json\/wp\/v2\/media?parent=10603"}],"wp:term":[{"taxonomy":"category","embeddable":true,"href":"https:\/\/www.ayuntamientodeharia.com\/haria\/wp-json\/wp\/v2\/categories?post=10603"},{"taxonomy":"post_tag","embeddable":true,"href":"https:\/\/www.ayuntamientodeharia.com\/haria\/wp-json\/wp\/v2\/tags?post=10603"}],"curies":[{"name":"wp","href":"https:\/\/api.w.org\/{rel}","templated":true}]}}