{"id":10600,"date":"2017-10-05T23:09:56","date_gmt":"2017-10-05T23:09:56","guid":{"rendered":"http:\/\/www.ayuntamientodeharia.com\/haria\/?p=10600"},"modified":"2017-10-05T23:09:56","modified_gmt":"2017-10-05T23:09:56","slug":"gran-noche-de-boxeo-en-haria","status":"publish","type":"post","link":"https:\/\/www.ayuntamientodeharia.com\/haria\/gran-noche-de-boxeo-en-haria\/","title":{"rendered":"Gran noche de boxeo en Har\u00eda"},"content":{"rendered":"<p>El Pabell\u00f3n Municipal de Har\u00eda acoger\u00e1 el pr\u00f3ximo viernes, 13 de octubre, a partir de las 21:00 horas, una noche de boxeo de alta calidad en la que se enfrentar\u00e1 un combinado canario con la selecci\u00f3n espa\u00f1ola, con siete grandes combates.<\/p>\n<p><!--more--><\/p>\n<p>&nbsp;<\/p>\n<p>El precio de la entrada al evento, organizado por el Ayuntamiento de Har\u00eda y la Escuela de Boxeo Palenke, ser\u00e1 de 5 euros a modo de colaboraci\u00f3n.<\/p>\n","protected":false},"excerpt":{"rendered":"<p>El Pabell\u00f3n Municipal de Har\u00eda acoger\u00e1 el pr\u00f3ximo viernes, 13 de octubre, a partir de las 21:00 horas, una noche de boxeo de alta calidad en la que se enfrentar\u00e1 un combinado canario con la selecci\u00f3n espa\u00f1ola, con siete grandes combates.<\/p>\n","protected":false},"author":7,"featured_media":10601,"comment_status":"closed","ping_status":"closed","sticky":false,"template":"","format":"standard","meta":{"footnotes":""},"categories":[17,11],"tags":[],"class_list":["post-10600","post","type-post","status-publish","format-standard","has-post-thumbnail","hentry","category-deportes","category-hoja-de-haria"],"_links":{"self":[{"href":"https:\/\/www.ayuntamientodeharia.com\/haria\/wp-json\/wp\/v2\/posts\/10600","targetHints":{"allow":["GET"]}}],"collection":[{"href":"https:\/\/www.ayuntamientodeharia.com\/haria\/wp-json\/wp\/v2\/posts"}],"about":[{"href":"https:\/\/www.ayuntamientodeharia.com\/haria\/wp-json\/wp\/v2\/types\/post"}],"author":[{"embeddable":true,"href":"https:\/\/www.ayuntamientodeharia.com\/haria\/wp-json\/wp\/v2\/users\/7"}],"replies":[{"embeddable":true,"href":"https:\/\/www.ayuntamientodeharia.com\/haria\/wp-json\/wp\/v2\/comments?post=10600"}],"version-history":[{"count":1,"href":"https:\/\/www.ayuntamientodeharia.com\/haria\/wp-json\/wp\/v2\/posts\/10600\/revisions"}],"predecessor-version":[{"id":10602,"href":"https:\/\/www.ayuntamientodeharia.com\/haria\/wp-json\/wp\/v2\/posts\/10600\/revisions\/10602"}],"wp:featuredmedia":[{"embeddable":true,"href":"https:\/\/www.ayuntamientodeharia.com\/haria\/wp-json\/wp\/v2\/media\/10601"}],"wp:attachment":[{"href":"https:\/\/www.ayuntamientodeharia.com\/haria\/wp-json\/wp\/v2\/media?parent=10600"}],"wp:term":[{"taxonomy":"category","embeddable":true,"href":"https:\/\/www.ayuntamientodeharia.com\/haria\/wp-json\/wp\/v2\/categories?post=10600"},{"taxonomy":"post_tag","embeddable":true,"href":"https:\/\/www.ayuntamientodeharia.com\/haria\/wp-json\/wp\/v2\/tags?post=10600"}],"curies":[{"name":"wp","href":"https:\/\/api.w.org\/{rel}","templated":true}]}}