{"id":10594,"date":"2017-10-05T23:00:46","date_gmt":"2017-10-05T23:00:46","guid":{"rendered":"http:\/\/www.ayuntamientodeharia.com\/haria\/?p=10594"},"modified":"2017-10-05T23:00:46","modified_gmt":"2017-10-05T23:00:46","slug":"desde-mi-atalaya-jesus-perdomo-ramirez-6","status":"publish","type":"post","link":"https:\/\/www.ayuntamientodeharia.com\/haria\/desde-mi-atalaya-jesus-perdomo-ramirez-6\/","title":{"rendered":"Desde mi Atalaya.  Jes\u00fas Perdomo Ram\u00edrez"},"content":{"rendered":"<p><strong><a href=\"http:\/\/www.ayuntamientodeharia.com\/haria\/wp-content\/uploads\/2017\/08\/jesus-perdomo.jpg\"><img decoding=\"async\" class=\"alignleft size-thumbnail wp-image-10322\" src=\"http:\/\/www.ayuntamientodeharia.com\/haria\/wp-content\/uploads\/2017\/08\/jesus-perdomo-125x150.jpg\" alt=\"jesus perdomo\" width=\"125\" height=\"150\" \/><\/a>Emilio Rodr\u00edguez Rodr\u00edguez. Comerciante y prestamista<\/strong><\/p>\n<p><!--more--><\/p>\n<p>&nbsp;<\/p>\n<p>Emigr\u00f3 a las Am\u00e9ricas, donde la fortuna le sonri\u00f3.\u00a0 A su regreso se hace con\u00a0 propiedades, es prestamista y se dedica al comercio. Contrae matrimonio, en 1912, con Do\u00f1a Matilde Pacheco Betancor. Fueron padres de Emilio, Am\u00e9rica y Antonio.<\/p>\n<p>&nbsp;<\/p>\n<p>En plena guerra civil espa\u00f1ola, en 1937, es llamado a filas uno de sus hijos, Emilio, donde se le detecta una penosa enfermedad, la tuberculosis. Decide que su hijo tenga el bien de curarse. Dicho esto hace\u00a0 una promesa por la que se deb\u00eda realizar la bajada\u00a0 de la Virgen de Las Nieves hacia el pueblo de Har\u00eda ese a\u00f1o. No pudo efectuarse dicho compromiso,\u00a0 pues las autoridades de la Villa de Teguise se negaron a hacer realidad este hecho significativo. Hubo enfrentamientos verbales entre los dos municipios e incluso hubo un enfado grave de personas de este municipio de Har\u00eda, porque participaron vecinos de este pueblo en la bajada de la Virgen hasta La Villa\u00a0 de Teguise.<\/p>\n<p>&nbsp;<\/p>\n<p>Don Emilio Rodr\u00edguez Rodr\u00edguez, al no lograr su objetivo, fue aconsejado por personas de su entorno en que era m\u00e1s necesario y efectivo construir un\u00a0 aljibe de agua para las personas pobres de este pueblo. Y hace efectivo un donativo para que se haga el aljibe del pueblo frente al Ayuntamiento, actualmente la Sala de Exposiciones El Aljibe.<\/p>\n<p>&nbsp;<\/p>\n<p>Despu\u00e9s de esta introducci\u00f3n tenemos que agradecer la propuesta y puesta en marcha de la obra. Seg\u00fan documentos obrantes en los archivos municipales, se da fe de la propuesta realizada al Ayuntamiento de Har\u00eda de la construcci\u00f3n de un aljibe que diera abasto municipal en tiempo de escasez.<\/p>\n<p>&nbsp;<\/p>\n<p>Sebasti\u00e1n Jim\u00e9nez S\u00e1nchez, en una publicaci\u00f3n original en 1938 y una primera edici\u00f3n en 2004, narra\u00a0 en el libro \u2018Un viaje hist\u00f3rico-anecd\u00f3tico por la isla de Lanzarote y Fuerteventura\u2019 su desplazamiento al pueblo de Har\u00eda de la siguiente manera: \u201cLa visita a este pueblo ha sido una de las m\u00e1s gratas y ha servido a la Comisi\u00f3n para poder apreciar el gesto patri\u00f3tico del benem\u00e9rito hijo de Har\u00eda, Don Emilio Rodr\u00edguez, que ha construido, a expensas de su dinero, un espl\u00e9ndido dep\u00f3sito de agua para el abasto p\u00fablico\u201d. En la visita al Ayuntamiento se concretan las obras pendientes de realizar y se intercambian impresiones con el entonces alcalde, Don Francisco Mart\u00edn y Mart\u00edn.<\/p>\n<p>&nbsp;<\/p>\n<p>Lo hizo como promesa y su hijo san\u00f3. Actu\u00f3 bien, aunque en los tiempos que corren, y hoy d\u00eda, no tiene raz\u00f3n de hacerse efectivo ese desarrollo. Otro de sus hijos, Antonio, ejerci\u00f3 como m\u00e9dico especialista de pulm\u00f3n en los Estados Unidos, donde falleci\u00f3.<\/p>\n","protected":false},"excerpt":{"rendered":"<p>Emilio Rodr\u00edguez Rodr\u00edguez. Comerciante y prestamista<\/p>\n","protected":false},"author":7,"featured_media":0,"comment_status":"closed","ping_status":"closed","sticky":false,"template":"","format":"standard","meta":{"footnotes":""},"categories":[11],"tags":[],"class_list":["post-10594","post","type-post","status-publish","format-standard","hentry","category-hoja-de-haria"],"_links":{"self":[{"href":"https:\/\/www.ayuntamientodeharia.com\/haria\/wp-json\/wp\/v2\/posts\/10594","targetHints":{"allow":["GET"]}}],"collection":[{"href":"https:\/\/www.ayuntamientodeharia.com\/haria\/wp-json\/wp\/v2\/posts"}],"about":[{"href":"https:\/\/www.ayuntamientodeharia.com\/haria\/wp-json\/wp\/v2\/types\/post"}],"author":[{"embeddable":true,"href":"https:\/\/www.ayuntamientodeharia.com\/haria\/wp-json\/wp\/v2\/users\/7"}],"replies":[{"embeddable":true,"href":"https:\/\/www.ayuntamientodeharia.com\/haria\/wp-json\/wp\/v2\/comments?post=10594"}],"version-history":[{"count":1,"href":"https:\/\/www.ayuntamientodeharia.com\/haria\/wp-json\/wp\/v2\/posts\/10594\/revisions"}],"predecessor-version":[{"id":10595,"href":"https:\/\/www.ayuntamientodeharia.com\/haria\/wp-json\/wp\/v2\/posts\/10594\/revisions\/10595"}],"wp:attachment":[{"href":"https:\/\/www.ayuntamientodeharia.com\/haria\/wp-json\/wp\/v2\/media?parent=10594"}],"wp:term":[{"taxonomy":"category","embeddable":true,"href":"https:\/\/www.ayuntamientodeharia.com\/haria\/wp-json\/wp\/v2\/categories?post=10594"},{"taxonomy":"post_tag","embeddable":true,"href":"https:\/\/www.ayuntamientodeharia.com\/haria\/wp-json\/wp\/v2\/tags?post=10594"}],"curies":[{"name":"wp","href":"https:\/\/api.w.org\/{rel}","templated":true}]}}