{"id":10546,"date":"2017-09-29T14:10:04","date_gmt":"2017-09-29T14:10:04","guid":{"rendered":"http:\/\/www.ayuntamientodeharia.com\/haria\/?p=10546"},"modified":"2017-10-05T23:08:46","modified_gmt":"2017-10-05T23:08:46","slug":"la-sala-el-aljibe-acogio-la-presentacion-de-los-nuevos-vinos-de-bodega-malpais-de-maguez","status":"publish","type":"post","link":"https:\/\/www.ayuntamientodeharia.com\/haria\/la-sala-el-aljibe-acogio-la-presentacion-de-los-nuevos-vinos-de-bodega-malpais-de-maguez\/","title":{"rendered":"La Sala El Aljibe acogi\u00f3 la presentaci\u00f3n de los nuevos vinos de Bodega Malpa\u00eds de M\u00e1guez"},"content":{"rendered":"<p>M\u00e1s de 200 personas se dieron cita en el d\u00eda de ayer en la Sala El Aljibe de Har\u00eda, que acogi\u00f3 el acto de presentaci\u00f3n de los nuevos vinos de Bodega Malpa\u00eds de M\u00e1guez, correspondientes a la \u00faltima a\u00f1ada, y que se comercializan bajo la denominaci\u00f3n comercial La Grieta.<\/p>\n<p><!--more--><\/p>\n<p>&nbsp;<\/p>\n<p>Intervinieron el alcalde de Har\u00eda, Marci Acu\u00f1a, la gerente y t\u00e9cnico del Consejo Regulador de Denominaci\u00f3n de Origen Vinos de Lanzarote, Nereida P\u00e9rez, y el propietario de la bodega, Ricardo Socas, quienes, entre otros en\u00f3logos y expertos, alabaron la calidad de tres caldos dados a conocer, esto es, Cenizas del Volc\u00e1n &#8211; Malvas\u00eda Volc\u00e1nica Seco, La Grieta &#8211; Malvas\u00eda Volc\u00e1nica (A\u00f1ada 2016) y La Grieta &#8211; Tinto Vendimia Nocturna (A\u00f1ada 2017).<\/p>\n<p>&nbsp;<\/p>\n<p>El primer edil norte\u00f1o aprovech\u00f3 la ocasi\u00f3n para felicitar al protagonista de la velada y \u201cponer de relieve iniciativas emprendedoras como la que nos ocupa, vinculada en su totalidad al municipio de Har\u00eda, en lo que supone un claro ejemplo de fomento del sector primario en el norte de la Isla, que se ha hecho un hueco en el mundo de la enolog\u00eda gracias a los vinos de La Grieta\u201d, se\u00f1al\u00f3 Acu\u00f1a.<\/p>\n<p>&nbsp;<\/p>\n<p>Por su parte, el propietario de la bodega, Ricardo Socas, mostr\u00f3 su satisfacci\u00f3n por la gran acogida de los nuevos caldos presentados, que se pudieron maridar con quesos del propio municipio de Har\u00eda, se\u00f1alando que \u201cpara su elaboraci\u00f3n han contado solo con materia prima de primera calidad, \u00fanica opci\u00f3n para seguir consolidando a La Grieta y para mantenerla en primera l\u00ednea del sector\u201d.<\/p>\n<p><a href=\"http:\/\/www.ayuntamientodeharia.com\/haria\/wp-content\/uploads\/2017\/09\/Presentaci\u00f3n-La-Grieta-2.jpg\"><img decoding=\"async\" class=\"alignleft size-thumbnail wp-image-10548\" src=\"http:\/\/www.ayuntamientodeharia.com\/haria\/wp-content\/uploads\/2017\/09\/Presentaci\u00f3n-La-Grieta-2-150x150.jpg\" alt=\"Presentaci\u00f3n La Grieta (2)\" width=\"150\" height=\"150\" \/><\/a> <a href=\"http:\/\/www.ayuntamientodeharia.com\/haria\/wp-content\/uploads\/2017\/09\/Presentaci\u00f3n-La-Grieta-3.jpg\"><img decoding=\"async\" class=\"alignleft size-thumbnail wp-image-10549\" src=\"http:\/\/www.ayuntamientodeharia.com\/haria\/wp-content\/uploads\/2017\/09\/Presentaci\u00f3n-La-Grieta-3-150x150.jpg\" alt=\"Presentaci\u00f3n La Grieta (3)\" width=\"150\" height=\"150\" \/><\/a> <a href=\"http:\/\/www.ayuntamientodeharia.com\/haria\/wp-content\/uploads\/2017\/09\/Presentaci\u00f3n-La-Grieta-4.jpg\"><img decoding=\"async\" class=\"alignleft size-thumbnail wp-image-10550\" src=\"http:\/\/www.ayuntamientodeharia.com\/haria\/wp-content\/uploads\/2017\/09\/Presentaci\u00f3n-La-Grieta-4-150x150.jpg\" alt=\"Presentaci\u00f3n La Grieta (4)\" width=\"150\" height=\"150\" \/><\/a> <a href=\"http:\/\/www.ayuntamientodeharia.com\/haria\/wp-content\/uploads\/2017\/09\/Presentaci\u00f3n-La-Grieta-5.jpg\"><img loading=\"lazy\" decoding=\"async\" class=\"alignleft size-thumbnail wp-image-10551\" src=\"http:\/\/www.ayuntamientodeharia.com\/haria\/wp-content\/uploads\/2017\/09\/Presentaci\u00f3n-La-Grieta-5-150x150.jpg\" alt=\"Presentaci\u00f3n La Grieta (5)\" width=\"150\" height=\"150\" \/><\/a> <a href=\"http:\/\/www.ayuntamientodeharia.com\/haria\/wp-content\/uploads\/2017\/09\/Presentaci\u00f3n-La-Grieta-6.jpg\"><img loading=\"lazy\" decoding=\"async\" class=\"alignleft size-thumbnail wp-image-10552\" src=\"http:\/\/www.ayuntamientodeharia.com\/haria\/wp-content\/uploads\/2017\/09\/Presentaci\u00f3n-La-Grieta-6-150x150.jpg\" alt=\"Presentaci\u00f3n La Grieta (6)\" width=\"150\" height=\"150\" \/><\/a> <a href=\"http:\/\/www.ayuntamientodeharia.com\/haria\/wp-content\/uploads\/2017\/09\/Presentaci\u00f3n-La-Grieta-7.jpg\"><img loading=\"lazy\" decoding=\"async\" class=\"alignleft size-thumbnail wp-image-10553\" src=\"http:\/\/www.ayuntamientodeharia.com\/haria\/wp-content\/uploads\/2017\/09\/Presentaci\u00f3n-La-Grieta-7-150x150.jpg\" alt=\"Presentaci\u00f3n La Grieta (7)\" width=\"150\" height=\"150\" \/><\/a> <a href=\"http:\/\/www.ayuntamientodeharia.com\/haria\/wp-content\/uploads\/2017\/09\/Presentaci\u00f3n-La-Grieta-8.jpg\"><img loading=\"lazy\" decoding=\"async\" class=\"alignleft size-thumbnail wp-image-10554\" src=\"http:\/\/www.ayuntamientodeharia.com\/haria\/wp-content\/uploads\/2017\/09\/Presentaci\u00f3n-La-Grieta-8-150x150.jpg\" alt=\"Presentaci\u00f3n La Grieta (8)\" width=\"150\" height=\"150\" \/><\/a><\/p>\n","protected":false},"excerpt":{"rendered":"<p>M\u00e1s de 200 personas se dieron cita en el d\u00eda de ayer en la Sala El Aljibe de Har\u00eda, que acogi\u00f3 el acto de presentaci\u00f3n de los nuevos vinos de Bodega Malpa\u00eds de M\u00e1guez, correspondientes a la \u00faltima a\u00f1ada, y que se comercializan bajo la denominaci\u00f3n comercial La Grieta.<\/p>\n","protected":false},"author":7,"featured_media":10547,"comment_status":"closed","ping_status":"closed","sticky":false,"template":"","format":"standard","meta":{"footnotes":""},"categories":[20,11,97],"tags":[],"class_list":["post-10546","post","type-post","status-publish","format-standard","has-post-thumbnail","hentry","category-agricultura","category-hoja-de-haria","category-sala-el-aljibe-de-haria"],"_links":{"self":[{"href":"https:\/\/www.ayuntamientodeharia.com\/haria\/wp-json\/wp\/v2\/posts\/10546","targetHints":{"allow":["GET"]}}],"collection":[{"href":"https:\/\/www.ayuntamientodeharia.com\/haria\/wp-json\/wp\/v2\/posts"}],"about":[{"href":"https:\/\/www.ayuntamientodeharia.com\/haria\/wp-json\/wp\/v2\/types\/post"}],"author":[{"embeddable":true,"href":"https:\/\/www.ayuntamientodeharia.com\/haria\/wp-json\/wp\/v2\/users\/7"}],"replies":[{"embeddable":true,"href":"https:\/\/www.ayuntamientodeharia.com\/haria\/wp-json\/wp\/v2\/comments?post=10546"}],"version-history":[{"count":2,"href":"https:\/\/www.ayuntamientodeharia.com\/haria\/wp-json\/wp\/v2\/posts\/10546\/revisions"}],"predecessor-version":[{"id":10556,"href":"https:\/\/www.ayuntamientodeharia.com\/haria\/wp-json\/wp\/v2\/posts\/10546\/revisions\/10556"}],"wp:featuredmedia":[{"embeddable":true,"href":"https:\/\/www.ayuntamientodeharia.com\/haria\/wp-json\/wp\/v2\/media\/10547"}],"wp:attachment":[{"href":"https:\/\/www.ayuntamientodeharia.com\/haria\/wp-json\/wp\/v2\/media?parent=10546"}],"wp:term":[{"taxonomy":"category","embeddable":true,"href":"https:\/\/www.ayuntamientodeharia.com\/haria\/wp-json\/wp\/v2\/categories?post=10546"},{"taxonomy":"post_tag","embeddable":true,"href":"https:\/\/www.ayuntamientodeharia.com\/haria\/wp-json\/wp\/v2\/tags?post=10546"}],"curies":[{"name":"wp","href":"https:\/\/api.w.org\/{rel}","templated":true}]}}