{"id":10528,"date":"2017-09-29T00:22:14","date_gmt":"2017-09-29T00:22:14","guid":{"rendered":"http:\/\/www.ayuntamientodeharia.com\/haria\/?p=10528"},"modified":"2017-09-29T00:22:14","modified_gmt":"2017-09-29T00:22:14","slug":"muestra-de-pintura-y-escultura-infinito-en-el-aljibe","status":"publish","type":"post","link":"https:\/\/www.ayuntamientodeharia.com\/haria\/muestra-de-pintura-y-escultura-infinito-en-el-aljibe\/","title":{"rendered":"Muestra de pintura y escultura \u2018Infinito\u2019 en El Aljibe"},"content":{"rendered":"<p>La Sala de exposiciones El Aljibe de Har\u00eda acoge el pr\u00f3ximo s\u00e1bado, 7 de octubre, a las 12:00 horas, la muestra colectiva de pintura y escultura \u2018Infinito\u2019, con los artistas Susana Pannullo, Carlos Parra, Roberto Batista y Santiago Navarro.<\/p>\n<p><!--more--><\/p>\n<p>&nbsp;<\/p>\n<p>Se trata de una muestra de autores de prestigio internacional que, en palabras de Carmen Gonz\u00e1lez \u00c1lvarez de Ron, \u201ces una magn\u00e9tica exhibici\u00f3n cuyas obras navegan entre la figuraci\u00f3n y la abstracci\u00f3n; desde los colores luminosos de Carlos Parra a la pincelada vigorosa de Susana Pannullo o las atm\u00f3sferas sofocantes de Roberto Batista, inspiran ambientes que evocan sensaciones y abren la mente a nuevos sentimientos\u201d.<\/p>\n<p>&nbsp;<\/p>\n<p>Dicha exposici\u00f3n permanecer\u00e1 abierta al p\u00fablico del 7 al 28 de octubre, en horario de lunes a s\u00e1bado, 10:00 a 14:00 horas.<\/p>\n","protected":false},"excerpt":{"rendered":"<p>La Sala de exposiciones El Aljibe de Har\u00eda acoge el pr\u00f3ximo s\u00e1bado, 7 de octubre, a las 12:00 horas, la muestra colectiva de pintura y escultura \u2018Infinito\u2019, con los artistas Susana Pannullo, Carlos Parra, Roberto Batista y Santiago Navarro.<\/p>\n","protected":false},"author":7,"featured_media":10529,"comment_status":"closed","ping_status":"closed","sticky":false,"template":"","format":"standard","meta":{"footnotes":""},"categories":[16,193,11,97],"tags":[],"class_list":["post-10528","post","type-post","status-publish","format-standard","has-post-thumbnail","hentry","category-cultura","category-exposiciones","category-hoja-de-haria","category-sala-el-aljibe-de-haria"],"_links":{"self":[{"href":"https:\/\/www.ayuntamientodeharia.com\/haria\/wp-json\/wp\/v2\/posts\/10528","targetHints":{"allow":["GET"]}}],"collection":[{"href":"https:\/\/www.ayuntamientodeharia.com\/haria\/wp-json\/wp\/v2\/posts"}],"about":[{"href":"https:\/\/www.ayuntamientodeharia.com\/haria\/wp-json\/wp\/v2\/types\/post"}],"author":[{"embeddable":true,"href":"https:\/\/www.ayuntamientodeharia.com\/haria\/wp-json\/wp\/v2\/users\/7"}],"replies":[{"embeddable":true,"href":"https:\/\/www.ayuntamientodeharia.com\/haria\/wp-json\/wp\/v2\/comments?post=10528"}],"version-history":[{"count":1,"href":"https:\/\/www.ayuntamientodeharia.com\/haria\/wp-json\/wp\/v2\/posts\/10528\/revisions"}],"predecessor-version":[{"id":10530,"href":"https:\/\/www.ayuntamientodeharia.com\/haria\/wp-json\/wp\/v2\/posts\/10528\/revisions\/10530"}],"wp:featuredmedia":[{"embeddable":true,"href":"https:\/\/www.ayuntamientodeharia.com\/haria\/wp-json\/wp\/v2\/media\/10529"}],"wp:attachment":[{"href":"https:\/\/www.ayuntamientodeharia.com\/haria\/wp-json\/wp\/v2\/media?parent=10528"}],"wp:term":[{"taxonomy":"category","embeddable":true,"href":"https:\/\/www.ayuntamientodeharia.com\/haria\/wp-json\/wp\/v2\/categories?post=10528"},{"taxonomy":"post_tag","embeddable":true,"href":"https:\/\/www.ayuntamientodeharia.com\/haria\/wp-json\/wp\/v2\/tags?post=10528"}],"curies":[{"name":"wp","href":"https:\/\/api.w.org\/{rel}","templated":true}]}}